{"id":7008,"date":"2022-11-07T08:00:58","date_gmt":"2022-11-07T08:00:58","guid":{"rendered":"https:\/\/terres-a-terre.org\/?p=7008"},"modified":"2022-11-06T21:09:52","modified_gmt":"2022-11-06T21:09:52","slug":"les-institutions-du-bien-des-sols-partie-2-levolution-de-la-safer","status":"publish","type":"post","link":"https:\/\/terres-a-terre.org\/en\/les-institutions-du-bien-des-sols-partie-2-levolution-de-la-safer\/","title":{"rendered":"Les institutions du bien des sols, partie 2 : l&rsquo;\u00e9volution de la SAFER"},"content":{"rendered":"<div data-elementor-type=\"wp-post\" data-elementor-id=\"7008\" class=\"elementor elementor-7008\">\n\t\t\t\t\t\t\t\t\t<section class=\"elementor-section elementor-top-section elementor-element elementor-element-17f80a8 elementor-section-stretched elementor-section-boxed elementor-section-height-default elementor-section-height-default\" data-id=\"17f80a8\" data-element_type=\"section\" data-settings=\"{&quot;background_background&quot;:&quot;classic&quot;,&quot;stretch_section&quot;:&quot;section-stretched&quot;}\">\n\t\t\t\t\t\t\t<div class=\"elementor-background-overlay\"><\/div>\n\t\t\t\t\t\t\t<div class=\"elementor-container elementor-column-gap-default\">\n\t\t\t\t\t<div class=\"elementor-column elementor-col-100 elementor-top-column elementor-element elementor-element-5029298\" data-id=\"5029298\" data-element_type=\"column\" data-settings=\"{&quot;background_background&quot;:&quot;classic&quot;}\">\n\t\t\t<div class=\"elementor-widget-wrap elementor-element-populated\">\n\t\t\t\t\t\t\t\t<div class=\"elementor-element elementor-element-95f0dca elementor-widget elementor-widget-spacer\" data-id=\"95f0dca\" data-element_type=\"widget\" data-widget_type=\"spacer.default\">\n\t\t\t\t<div class=\"elementor-widget-container\">\n\t\t\t<style>\/*! elementor - v3.13.3 - 28-05-2023 *\/\n.elementor-column .elementor-spacer-inner{height:var(--spacer-size)}.e-con{--container-widget-width:100%}.e-con-inner>.elementor-widget-spacer,.e-con>.elementor-widget-spacer{width:var(--container-widget-width,var(--spacer-size));--align-self:var(--container-widget-align-self,initial);--flex-shrink:0}.e-con-inner>.elementor-widget-spacer>.elementor-widget-container,.e-con-inner>.elementor-widget-spacer>.elementor-widget-container>.elementor-spacer,.e-con>.elementor-widget-spacer>.elementor-widget-container,.e-con>.elementor-widget-spacer>.elementor-widget-container>.elementor-spacer{height:100%}.e-con-inner>.elementor-widget-spacer>.elementor-widget-container>.elementor-spacer>.elementor-spacer-inner,.e-con>.elementor-widget-spacer>.elementor-widget-container>.elementor-spacer>.elementor-spacer-inner{height:var(--container-widget-height,var(--spacer-size))}<\/style><div class=\"elementor-spacer\">\n\t\t\t<div class=\"elementor-spacer-inner\"><\/div>\n\t\t<\/div>\t\t<\/div>\n\t\t\t\t<\/div>\n\t\t\t\t<div class=\"elementor-element elementor-element-9c6d366 elementor-widget elementor-widget-spacer\" data-id=\"9c6d366\" data-element_type=\"widget\" data-widget_type=\"spacer.default\">\n\t\t\t\t<div class=\"elementor-widget-container\">\n\t\t\t<div class=\"elementor-spacer\">\n\t\t\t<div class=\"elementor-spacer-inner\"><\/div>\n\t\t<\/div>\t\t<\/div>\n\t\t\t\t<\/div>\n\t\t\t\t<section class=\"elementor-section elementor-inner-section elementor-element elementor-element-db7b39a elementor-section-boxed elementor-section-height-default elementor-section-height-default\" data-id=\"db7b39a\" data-element_type=\"section\" data-settings=\"{&quot;background_background&quot;:&quot;classic&quot;}\">\n\t\t\t\t\t\t<div class=\"elementor-container elementor-column-gap-wider\">\n\t\t\t\t\t<div class=\"elementor-column elementor-col-100 elementor-inner-column elementor-element elementor-element-752f846\" data-id=\"752f846\" data-element_type=\"column\" data-settings=\"{&quot;background_background&quot;:&quot;classic&quot;}\">\n\t\t\t<div class=\"elementor-widget-wrap elementor-element-populated\">\n\t\t\t\t\t\t\t\t<div class=\"elementor-element elementor-element-c220b42 elementor-widget elementor-widget-spacer\" data-id=\"c220b42\" data-element_type=\"widget\" data-widget_type=\"spacer.default\">\n\t\t\t\t<div class=\"elementor-widget-container\">\n\t\t\t<div class=\"elementor-spacer\">\n\t\t\t<div class=\"elementor-spacer-inner\"><\/div>\n\t\t<\/div>\t\t<\/div>\n\t\t\t\t<\/div>\n\t\t\t\t<div class=\"elementor-element elementor-element-15fae65 elementor-widget elementor-widget-text-editor\" data-id=\"15fae65\" data-element_type=\"widget\" data-widget_type=\"text-editor.default\">\n\t\t\t\t<div class=\"elementor-widget-container\">\n\t\t\t<style>\/*! elementor - v3.13.3 - 28-05-2023 *\/\n.elementor-widget-text-editor.elementor-drop-cap-view-stacked .elementor-drop-cap{background-color:#69727d;color:#fff}.elementor-widget-text-editor.elementor-drop-cap-view-framed .elementor-drop-cap{color:#69727d;border:3px solid;background-color:transparent}.elementor-widget-text-editor:not(.elementor-drop-cap-view-default) .elementor-drop-cap{margin-top:8px}.elementor-widget-text-editor:not(.elementor-drop-cap-view-default) .elementor-drop-cap-letter{width:1em;height:1em}.elementor-widget-text-editor .elementor-drop-cap{float:left;text-align:center;line-height:1;font-size:50px}.elementor-widget-text-editor .elementor-drop-cap-letter{display:inline-block}<\/style><p>07\/11\/2022<\/p>\t\t<\/div>\n\t\t\t\t<\/div>\n\t\t\t\t<div class=\"elementor-element elementor-element-85884bc elementor-widget elementor-widget-spacer\" data-id=\"85884bc\" data-element_type=\"widget\" data-widget_type=\"spacer.default\">\n\t\t\t\t<div class=\"elementor-widget-container\">\n\t\t\t<div class=\"elementor-spacer\">\n\t\t\t<div class=\"elementor-spacer-inner\"><\/div>\n\t\t<\/div>\t\t<\/div>\n\t\t\t\t<\/div>\n\t\t\t\t<div class=\"elementor-element elementor-element-9a851ab elementor-widget elementor-widget-heading\" data-id=\"9a851ab\" data-element_type=\"widget\" data-widget_type=\"heading.default\">\n\t\t\t\t<div class=\"elementor-widget-container\">\n\t\t\t<style>\/*! elementor - v3.13.3 - 28-05-2023 *\/\n.elementor-heading-title{padding:0;margin:0;line-height:1}.elementor-widget-heading .elementor-heading-title[class*=elementor-size-]>a{color:inherit;font-size:inherit;line-height:inherit}.elementor-widget-heading .elementor-heading-title.elementor-size-small{font-size:15px}.elementor-widget-heading .elementor-heading-title.elementor-size-medium{font-size:19px}.elementor-widget-heading .elementor-heading-title.elementor-size-large{font-size:29px}.elementor-widget-heading .elementor-heading-title.elementor-size-xl{font-size:39px}.elementor-widget-heading .elementor-heading-title.elementor-size-xxl{font-size:59px}<\/style><h2 class=\"elementor-heading-title elementor-size-default\">Les institutions du bien des sols, partie 2 : l'\u00e9volution de la SAFER<br><\/h2>\t\t<\/div>\n\t\t\t\t<\/div>\n\t\t\t\t<div class=\"elementor-element elementor-element-a8d55f6 elementor-widget elementor-widget-spacer\" data-id=\"a8d55f6\" data-element_type=\"widget\" data-widget_type=\"spacer.default\">\n\t\t\t\t<div class=\"elementor-widget-container\">\n\t\t\t<div class=\"elementor-spacer\">\n\t\t\t<div class=\"elementor-spacer-inner\"><\/div>\n\t\t<\/div>\t\t<\/div>\n\t\t\t\t<\/div>\n\t\t\t\t<div class=\"elementor-element elementor-element-5c21063 elementor-widget elementor-widget-text-editor\" data-id=\"5c21063\" data-element_type=\"widget\" data-widget_type=\"text-editor.default\">\n\t\t\t\t<div class=\"elementor-widget-container\">\n\t\t\t<p><strong><span style=\"text-decoration: underline;\"><a href=\"https:\/\/www.seuil.com\/ouvrage\/hold-up-sur-la-terre-lucile-leclair\/9782021492538\" target=\"_blank\" rel=\"noopener\">D&rsquo;apr\u00e8s l&rsquo;ouvrage de Lucile Leclair \u2018Hold-up sur la terre\u2019 aux \u00e9ditions du Seuil<\/a><\/span><\/strong><\/p>\t\t<\/div>\n\t\t\t\t<\/div>\n\t\t\t\t<div class=\"elementor-element elementor-element-81ad1a7 elementor-widget elementor-widget-text-editor\" data-id=\"81ad1a7\" data-element_type=\"widget\" data-widget_type=\"text-editor.default\">\n\t\t\t\t<div class=\"elementor-widget-container\">\n\t\t\t<p>Dans\u00a0<span style=\"text-decoration: underline;\"><a href=\"https:\/\/terres-a-terre.org\/en\/les-institutions-du-bien-des-sols-partie-1-la-creation-de-la-safer\/\" target=\"_blank\" rel=\"noopener\"> l&rsquo;article pr\u00e9c\u00e9dent sur les institutions fran\u00e7aises qui r\u00e9gissent l\u2019utilisation et la propri\u00e9t\u00e9 du territoire<\/a><\/span>, nous vous pr\u00e9sentions la naissance des SAFER (Soci\u00e9t\u00e9s d\u2019Am\u00e9nagement Foncier et d&rsquo;\u00c9tablissement Rural).<\/p><p>Aujourd\u2019hui, toujours d\u2019apr\u00e8s le livre-enqu\u00eate de Lucile Leclair, nous allons retracer l\u2019\u00e9volution que ces soci\u00e9t\u00e9s ont prise depuis leur cr\u00e9ation en 1960.<\/p><p>Alors financ\u00e9es \u00e0 hauteur de 80% par des subventions publiques, les SAFER pouvaient agir<b> sans but lucratif<\/b> pour r\u00e9guler les ventes de foncier dans chaque d\u00e9partement (il en existe une par d\u00e9partement).<\/p><p>Depuis 2017, le financement des SAFER provient \u00e0 hauteur de 2% de fonds publics, et ceux-ci sont issus des <b>r\u00e9gions<\/b>, non de l\u2019Etat. <\/p><p>Le reste de leur budget d\u00e9coule donc des <b>commissions qu\u2019elles touchent sur les ventes (90%)<\/b> et d\u2019\u00e9tudes qu\u2019elles r\u00e9alisent \u00e0 destination des collectivit\u00e9s territoriales (8%).<\/p>\t\t<\/div>\n\t\t\t\t<\/div>\n\t\t\t\t<div class=\"elementor-element elementor-element-70e0bdc elementor-widget elementor-widget-image\" data-id=\"70e0bdc\" data-element_type=\"widget\" data-widget_type=\"image.default\">\n\t\t\t\t<div class=\"elementor-widget-container\">\n\t\t\t<style>\/*! elementor - v3.13.3 - 28-05-2023 *\/\n.elementor-widget-image{text-align:center}.elementor-widget-image a{display:inline-block}.elementor-widget-image a img[src$=\".svg\"]{width:48px}.elementor-widget-image img{vertical-align:middle;display:inline-block}<\/style><img loading=\"lazy\" decoding=\"async\" width=\"768\" height=\"501\" src=\"https:\/\/terres-a-terre.org\/wp-content\/uploads\/2022\/11\/3JL2254-1-768x501.jpg\" class=\"attachment-medium_large size-medium_large wp-image-7051\" alt=\"\" srcset=\"https:\/\/terres-a-terre.org\/wp-content\/uploads\/2022\/11\/3JL2254-1-768x501.jpg 768w, https:\/\/terres-a-terre.org\/wp-content\/uploads\/2022\/11\/3JL2254-1-300x196.jpg 300w, https:\/\/terres-a-terre.org\/wp-content\/uploads\/2022\/11\/3JL2254-1-1024x668.jpg 1024w, https:\/\/terres-a-terre.org\/wp-content\/uploads\/2022\/11\/3JL2254-1-1536x1002.jpg 1536w, https:\/\/terres-a-terre.org\/wp-content\/uploads\/2022\/11\/3JL2254-1-18x12.jpg 18w, https:\/\/terres-a-terre.org\/wp-content\/uploads\/2022\/11\/3JL2254-1.jpg 1667w\" sizes=\"auto, (max-width: 768px) 100vw, 768px\" \/>\t\t<\/div>\n\t\t\t\t<\/div>\n\t\t\t\t<div class=\"elementor-element elementor-element-3e46cfc elementor-widget elementor-widget-spacer\" data-id=\"3e46cfc\" data-element_type=\"widget\" data-widget_type=\"spacer.default\">\n\t\t\t\t<div class=\"elementor-widget-container\">\n\t\t\t<div class=\"elementor-spacer\">\n\t\t\t<div class=\"elementor-spacer-inner\"><\/div>\n\t\t<\/div>\t\t<\/div>\n\t\t\t\t<\/div>\n\t\t\t\t<div class=\"elementor-element elementor-element-87385b0 elementor-widget elementor-widget-text-editor\" data-id=\"87385b0\" data-element_type=\"widget\" data-widget_type=\"text-editor.default\">\n\t\t\t\t<div class=\"elementor-widget-container\">\n\t\t\t<p>En parall\u00e8le, depuis 60 ans, s\u2019op\u00e8re progressivement une d\u00e9viance de la mission originelle des SAFER qui accompagne les changements du monde rural.<\/p>\n<p>En effet, alors qu\u2019\u00e0 leur cr\u00e9ation, 45% de la population vit dans des communes rurales, et 7 millions de personnes travaillent dans l\u2019agriculture, un basculement s\u2019op\u00e8re avec le territoire rural qui ne devient plus lieu de vie <b>mais un lieu aux enjeux multiples d\u2019\u00e9talement urbain, touristique et de r\u00e9sidences secondaires<\/b>.<\/p>\n<p>En 1990, la loi de d\u00e9veloppement rural et protection de l\u2019environnement permet aux SAFER de r\u00e9orienter des terres vers <b>d\u2019autres usages qu\u2019agricoles pour le d\u00e9veloppement rural et l\u2019environnement<\/b>.<\/p>\n<p>En 1999, la loi permet aux SAFER d\u2019acqu\u00e9rir des biens en milieu rural pour les revendre \u00e0 des acheteurs dont les projets s\u2019inscrivent dans les politiques de d\u00e9veloppement local, donc pas forc\u00e9ment agricoles.<\/p>\n<p>Ce mod\u00e8le, unique en Europe que beaucoup nous enviait, s\u2019est donc m\u00e9tamorphos\u00e9, en partie pour accompagner les changements ruraux, mais aussi en partie en subissant ces changements plut\u00f4t qu\u2019en les fa\u00e7onnant.&nbsp;<\/p>\t\t<\/div>\n\t\t\t\t<\/div>\n\t\t\t\t<div class=\"elementor-element elementor-element-c79fa09 elementor-widget elementor-widget-image\" data-id=\"c79fa09\" data-element_type=\"widget\" data-widget_type=\"image.default\">\n\t\t\t\t<div class=\"elementor-widget-container\">\n\t\t\t<img loading=\"lazy\" decoding=\"async\" width=\"173\" height=\"300\" src=\"https:\/\/terres-a-terre.org\/wp-content\/uploads\/2022\/10\/149253_couverture_Hres_0-173x300.jpg\" class=\"attachment-medium size-medium wp-image-6997\" alt=\"\" srcset=\"https:\/\/terres-a-terre.org\/wp-content\/uploads\/2022\/10\/149253_couverture_Hres_0-173x300.jpg 173w, https:\/\/terres-a-terre.org\/wp-content\/uploads\/2022\/10\/149253_couverture_Hres_0-589x1024.jpg 589w, https:\/\/terres-a-terre.org\/wp-content\/uploads\/2022\/10\/149253_couverture_Hres_0-768x1334.jpg 768w, https:\/\/terres-a-terre.org\/wp-content\/uploads\/2022\/10\/149253_couverture_Hres_0-884x1536.jpg 884w, https:\/\/terres-a-terre.org\/wp-content\/uploads\/2022\/10\/149253_couverture_Hres_0-7x12.jpg 7w, https:\/\/terres-a-terre.org\/wp-content\/uploads\/2022\/10\/149253_couverture_Hres_0.jpg 1151w\" sizes=\"auto, (max-width: 173px) 100vw, 173px\" \/>\t\t<\/div>\n\t\t\t\t<\/div>\n\t\t\t\t<div class=\"elementor-element elementor-element-2cb64d7 elementor-widget elementor-widget-text-editor\" data-id=\"2cb64d7\" data-element_type=\"widget\" data-widget_type=\"text-editor.default\">\n\t\t\t\t<div class=\"elementor-widget-container\">\n\t\t\t<p>Livre \u00e0 retrouver <a href=\"https:\/\/www.seuil.com\/ouvrage\/hold-up-sur-la-terre-lucile-leclair\/9782021492538\" target=\"_blank\" rel=\"noopener\"><u><b>aux \u00e9ditions du Seuil, en cliquant ici<\/b><\/u>.<\/a><\/p>\t\t<\/div>\n\t\t\t\t<\/div>\n\t\t\t\t<div class=\"elementor-element elementor-element-2e27368 elementor-widget elementor-widget-spacer\" data-id=\"2e27368\" data-element_type=\"widget\" data-widget_type=\"spacer.default\">\n\t\t\t\t<div class=\"elementor-widget-container\">\n\t\t\t<div class=\"elementor-spacer\">\n\t\t\t<div class=\"elementor-spacer-inner\"><\/div>\n\t\t<\/div>\t\t<\/div>\n\t\t\t\t<\/div>\n\t\t\t\t\t<\/div>\n\t\t<\/div>\n\t\t\t\t\t\t\t<\/div>\n\t\t<\/section>\n\t\t\t\t<div class=\"elementor-element elementor-element-7fca34a elementor-widget elementor-widget-spacer\" data-id=\"7fca34a\" data-element_type=\"widget\" data-widget_type=\"spacer.default\">\n\t\t\t\t<div class=\"elementor-widget-container\">\n\t\t\t<div class=\"elementor-spacer\">\n\t\t\t<div class=\"elementor-spacer-inner\"><\/div>\n\t\t<\/div>\t\t<\/div>\n\t\t\t\t<\/div>\n\t\t\t\t<div class=\"elementor-element elementor-element-e63c316 elementor-grid-eael-col-3 elementor-hidden-tablet elementor-hidden-mobile elementor-grid-tablet-eael-col-2 elementor-grid-mobile-eael-col-1 elementor-widget elementor-widget-eael-post-grid\" data-id=\"e63c316\" data-element_type=\"widget\" data-settings=\"{&quot;eael_post_grid_columns&quot;:&quot;eael-col-3&quot;,&quot;eael_post_grid_columns_tablet&quot;:&quot;eael-col-2&quot;,&quot;eael_post_grid_columns_mobile&quot;:&quot;eael-col-1&quot;}\" data-widget_type=\"eael-post-grid.default\">\n\t\t\t\t<div class=\"elementor-widget-container\">\n\t\t\t<div id=\"eael-post-grid-e63c316\" class=\"eael-post-grid-container\">\n            <div class=\"eael-post-grid eael-post-appender eael-post-appender-e63c316 eael-post-grid-style-two\" data-layout-mode=\"grid\"><article class=\"eael-grid-post eael-post-grid-column\" data-id=\"7229\">\n        <div class=\"eael-grid-post-holder\">\n            <div class=\"eael-grid-post-holder-inner\"><div class=\"eael-entry-media\"><div class=\"eael-entry-overlay zoom-in\"><i class=\"fab fa-envira\" aria-hidden=\"true\"><\/i><a href=\"https:\/\/terres-a-terre.org\/en\/la-terre-se-souvient-de-nous\/\"><\/a><\/div><div class=\"eael-entry-thumbnail\">\n                                <img loading=\"lazy\" decoding=\"async\" width=\"300\" height=\"200\" src=\"https:\/\/terres-a-terre.org\/wp-content\/uploads\/2022\/01\/5JL7334-300x200.jpg\" class=\"attachment-medium size-medium wp-image-3384\" alt=\"\" srcset=\"https:\/\/terres-a-terre.org\/wp-content\/uploads\/2022\/01\/5JL7334-300x200.jpg 300w, https:\/\/terres-a-terre.org\/wp-content\/uploads\/2022\/01\/5JL7334-1024x683.jpg 1024w, https:\/\/terres-a-terre.org\/wp-content\/uploads\/2022\/01\/5JL7334-768x512.jpg 768w, https:\/\/terres-a-terre.org\/wp-content\/uploads\/2022\/01\/5JL7334-1536x1024.jpg 1536w, https:\/\/terres-a-terre.org\/wp-content\/uploads\/2022\/01\/5JL7334-2048x1366.jpg 2048w, https:\/\/terres-a-terre.org\/wp-content\/uploads\/2022\/01\/5JL7334-18x12.jpg 18w\" sizes=\"auto, (max-width: 300px) 100vw, 300px\" \/>\n                              <\/div>\n                      <\/div><div class=\"eael-entry-wrapper\"><div class=\"eael-entry-content\">\n                                    <div class=\"eael-grid-post-excerpt\"><p>Renouer, c'est retrouver le lien unique de notre origine<\/p><a\n                                        href=\"https:\/\/terres-a-terre.org\/en\/la-terre-se-souvient-de-nous\/\"\n                                        class=\"eael-post-elements-readmore-btn\">Lire la suite<\/a><\/div>\n                                <\/div><div class=\"eael-entry-header-after style-two\"><div class=\"eael-entry-meta\"><span class=\"eael-meta-posted-on\"><i class=\"far fa-clock\"><\/i><time datetime=\"June 4, 2025\">June 4, 2025<\/time><\/span><\/div><\/div><\/div><\/div>\n        <\/div>\n    <\/article><article class=\"eael-grid-post eael-post-grid-column\" data-id=\"7221\">\n        <div class=\"eael-grid-post-holder\">\n            <div class=\"eael-grid-post-holder-inner\"><div class=\"eael-entry-media\"><div class=\"eael-entry-overlay zoom-in\"><i class=\"fab fa-envira\" aria-hidden=\"true\"><\/i><a href=\"https:\/\/terres-a-terre.org\/en\/le-bois-mort\/\"><\/a><\/div><div class=\"eael-entry-thumbnail\">\n                                <img loading=\"lazy\" decoding=\"async\" width=\"300\" height=\"200\" src=\"https:\/\/terres-a-terre.org\/wp-content\/uploads\/2022\/01\/5JL0864-300x200.jpg\" class=\"attachment-medium size-medium wp-image-3433\" alt=\"\" srcset=\"https:\/\/terres-a-terre.org\/wp-content\/uploads\/2022\/01\/5JL0864-300x200.jpg 300w, https:\/\/terres-a-terre.org\/wp-content\/uploads\/2022\/01\/5JL0864-1024x683.jpg 1024w, https:\/\/terres-a-terre.org\/wp-content\/uploads\/2022\/01\/5JL0864-768x512.jpg 768w, https:\/\/terres-a-terre.org\/wp-content\/uploads\/2022\/01\/5JL0864-1536x1024.jpg 1536w, https:\/\/terres-a-terre.org\/wp-content\/uploads\/2022\/01\/5JL0864-2048x1366.jpg 2048w, https:\/\/terres-a-terre.org\/wp-content\/uploads\/2022\/01\/5JL0864-18x12.jpg 18w\" sizes=\"auto, (max-width: 300px) 100vw, 300px\" \/>\n                              <\/div>\n                      <\/div><div class=\"eael-entry-wrapper\"><div class=\"eael-entry-content\">\n                                    <div class=\"eael-grid-post-excerpt\"><p>Rien de plus vivant que le bois mort!<\/p><a\n                                        href=\"https:\/\/terres-a-terre.org\/en\/le-bois-mort\/\"\n                                        class=\"eael-post-elements-readmore-btn\">Lire la suite<\/a><\/div>\n                                <\/div><div class=\"eael-entry-header-after style-two\"><div class=\"eael-entry-meta\"><span class=\"eael-meta-posted-on\"><i class=\"far fa-clock\"><\/i><time datetime=\"March 14, 2025\">March 14, 2025<\/time><\/span><\/div><\/div><\/div><\/div>\n        <\/div>\n    <\/article><article class=\"eael-grid-post eael-post-grid-column\" data-id=\"7210\">\n        <div class=\"eael-grid-post-holder\">\n            <div class=\"eael-grid-post-holder-inner\"><div class=\"eael-entry-media\"><div class=\"eael-entry-overlay zoom-in\"><i class=\"fab fa-envira\" aria-hidden=\"true\"><\/i><a href=\"https:\/\/terres-a-terre.org\/en\/le-renoncement-est-la-base-copy\/\"><\/a><\/div><div class=\"eael-entry-thumbnail\">\n                                <img loading=\"lazy\" decoding=\"async\" width=\"300\" height=\"200\" src=\"https:\/\/terres-a-terre.org\/wp-content\/uploads\/2022\/01\/5JL2432-300x200.jpg\" class=\"attachment-medium size-medium wp-image-3432\" alt=\"\" srcset=\"https:\/\/terres-a-terre.org\/wp-content\/uploads\/2022\/01\/5JL2432-300x200.jpg 300w, https:\/\/terres-a-terre.org\/wp-content\/uploads\/2022\/01\/5JL2432-1024x683.jpg 1024w, https:\/\/terres-a-terre.org\/wp-content\/uploads\/2022\/01\/5JL2432-768x512.jpg 768w, https:\/\/terres-a-terre.org\/wp-content\/uploads\/2022\/01\/5JL2432-1536x1024.jpg 1536w, https:\/\/terres-a-terre.org\/wp-content\/uploads\/2022\/01\/5JL2432-2048x1366.jpg 2048w, https:\/\/terres-a-terre.org\/wp-content\/uploads\/2022\/01\/5JL2432-18x12.jpg 18w\" sizes=\"auto, (max-width: 300px) 100vw, 300px\" \/>\n                              <\/div>\n                      <\/div><div class=\"eael-entry-wrapper\"><div class=\"eael-entry-content\">\n                                    <div class=\"eael-grid-post-excerpt\"><p>La Terre est tellement plus que l'environnement<\/p><a\n                                        href=\"https:\/\/terres-a-terre.org\/en\/le-renoncement-est-la-base-copy\/\"\n                                        class=\"eael-post-elements-readmore-btn\">Lire la suite<\/a><\/div>\n                                <\/div><div class=\"eael-entry-header-after style-two\"><div class=\"eael-entry-meta\"><span class=\"eael-meta-posted-on\"><i class=\"far fa-clock\"><\/i><time datetime=\"September 19, 2024\">September 19, 2024<\/time><\/span><\/div><\/div><\/div><\/div>\n        <\/div>\n    <\/article><article class=\"eael-grid-post eael-post-grid-column\" data-id=\"7202\">\n        <div class=\"eael-grid-post-holder\">\n            <div class=\"eael-grid-post-holder-inner\"><div class=\"eael-entry-media\"><div class=\"eael-entry-overlay zoom-in\"><i class=\"fab fa-envira\" aria-hidden=\"true\"><\/i><a href=\"https:\/\/terres-a-terre.org\/en\/peut-on-mettre-un-prix-sur-la-nature-copy-copy\/\"><\/a><\/div><div class=\"eael-entry-thumbnail\">\n                                <img loading=\"lazy\" decoding=\"async\" width=\"300\" height=\"200\" src=\"https:\/\/terres-a-terre.org\/wp-content\/uploads\/2022\/01\/5JL1342-300x200.jpg\" class=\"attachment-medium size-medium wp-image-3412\" alt=\"\" srcset=\"https:\/\/terres-a-terre.org\/wp-content\/uploads\/2022\/01\/5JL1342-300x200.jpg 300w, https:\/\/terres-a-terre.org\/wp-content\/uploads\/2022\/01\/5JL1342-1024x683.jpg 1024w, https:\/\/terres-a-terre.org\/wp-content\/uploads\/2022\/01\/5JL1342-768x512.jpg 768w, https:\/\/terres-a-terre.org\/wp-content\/uploads\/2022\/01\/5JL1342-1536x1024.jpg 1536w, https:\/\/terres-a-terre.org\/wp-content\/uploads\/2022\/01\/5JL1342-2048x1366.jpg 2048w, https:\/\/terres-a-terre.org\/wp-content\/uploads\/2022\/01\/5JL1342-18x12.jpg 18w\" sizes=\"auto, (max-width: 300px) 100vw, 300px\" \/>\n                              <\/div>\n                      <\/div><div class=\"eael-entry-wrapper\"><div class=\"eael-entry-content\">\n                                    <div class=\"eael-grid-post-excerpt\"><p>le terme de renoncement a bien souvent une connotation p\u00e9jorative...<\/p><a\n                                        href=\"https:\/\/terres-a-terre.org\/en\/peut-on-mettre-un-prix-sur-la-nature-copy-copy\/\"\n                                        class=\"eael-post-elements-readmore-btn\">Lire la suite<\/a><\/div>\n                                <\/div><div class=\"eael-entry-header-after style-two\"><div class=\"eael-entry-meta\"><span class=\"eael-meta-posted-on\"><i class=\"far fa-clock\"><\/i><time datetime=\"August 18, 2024\">August 18, 2024<\/time><\/span><\/div><\/div><\/div><\/div>\n        <\/div>\n    <\/article><\/div>\n            <div class=\"clearfix\"><\/div>\n        <\/div>            <div class=\"eael-load-more-button-wrap eael-force-hide\">\n                <button class=\"eael-load-more-button\" id=\"eael-load-more-btn-e63c316\" data-widget-id=\"e63c316\" data-widget=\"e63c316\" data-page-id=\"7008\" data-template=\"{&quot;dir&quot;:&quot;lite&quot;,&quot;file_name&quot;:&quot;default.php&quot;,&quot;name&quot;:&quot;Post-Grid&quot;}\" data-class=\"Essential_Addons_Elementor\\Elements\\Post_Grid\" data-layout=\"grid\" data-page=\"1\" data-args=\"orderby=date&amp;order=desc&amp;ignore_sticky_posts=1&amp;post_status=publish&amp;posts_per_page=4&amp;offset=0&amp;post_type=post\" data-max-page=\"5\">\n                    <span class=\"eael-btn-loader button__loader\"><\/span>\n                    <span class=\"eael_load_more_text\">Load More<\/span>\n                <\/button>\n            <\/div>\t\t<\/div>\n\t\t\t\t<\/div>\n\t\t\t\t\t<\/div>\n\t\t<\/div>\n\t\t\t\t\t\t\t<\/div>\n\t\t<\/section>\n\t\t\t\t\t\t\t<\/div>","protected":false},"excerpt":{"rendered":"<p>Les institutions du bien des sols, partie 2 : l&rsquo;\u00e9volution de la SAFER<\/p>","protected":false},"author":1,"featured_media":7034,"comment_status":"closed","ping_status":"closed","sticky":false,"template":"elementor_header_footer","format":"standard","meta":{"om_disable_all_campaigns":false,"_monsterinsights_skip_tracking":false,"_monsterinsights_sitenote_active":false,"_monsterinsights_sitenote_note":"","_monsterinsights_sitenote_category":0,"_uf_show_specific_survey":0,"_uf_disable_surveys":false,"site-sidebar-layout":"default","site-content-layout":"default","ast-main-header-display":"","ast-hfb-above-header-display":"","ast-hfb-below-header-display":"","ast-hfb-mobile-header-display":"","site-post-title":"","ast-breadcrumbs-content":"","ast-featured-img":"","footer-sml-layout":"","theme-transparent-header-meta":"","adv-header-id-meta":"","stick-header-meta":"","header-above-stick-meta":"","header-main-stick-meta":"","header-below-stick-meta":"","footnotes":""},"categories":[1],"tags":[],"class_list":["post-7008","post","type-post","status-publish","format-standard","has-post-thumbnail","hentry","category-uncategorized"],"aioseo_notices":[],"_links":{"self":[{"href":"https:\/\/terres-a-terre.org\/en\/wp-json\/wp\/v2\/posts\/7008","targetHints":{"allow":["GET"]}}],"collection":[{"href":"https:\/\/terres-a-terre.org\/en\/wp-json\/wp\/v2\/posts"}],"about":[{"href":"https:\/\/terres-a-terre.org\/en\/wp-json\/wp\/v2\/types\/post"}],"author":[{"embeddable":true,"href":"https:\/\/terres-a-terre.org\/en\/wp-json\/wp\/v2\/users\/1"}],"replies":[{"embeddable":true,"href":"https:\/\/terres-a-terre.org\/en\/wp-json\/wp\/v2\/comments?post=7008"}],"version-history":[{"count":55,"href":"https:\/\/terres-a-terre.org\/en\/wp-json\/wp\/v2\/posts\/7008\/revisions"}],"predecessor-version":[{"id":7069,"href":"https:\/\/terres-a-terre.org\/en\/wp-json\/wp\/v2\/posts\/7008\/revisions\/7069"}],"wp:featuredmedia":[{"embeddable":true,"href":"https:\/\/terres-a-terre.org\/en\/wp-json\/wp\/v2\/media\/7034"}],"wp:attachment":[{"href":"https:\/\/terres-a-terre.org\/en\/wp-json\/wp\/v2\/media?parent=7008"}],"wp:term":[{"taxonomy":"category","embeddable":true,"href":"https:\/\/terres-a-terre.org\/en\/wp-json\/wp\/v2\/categories?post=7008"},{"taxonomy":"post_tag","embeddable":true,"href":"https:\/\/terres-a-terre.org\/en\/wp-json\/wp\/v2\/tags?post=7008"}],"curies":[{"name":"wp","href":"https:\/\/api.w.org\/{rel}","templated":true}]}}