{"id":6994,"date":"2022-10-31T08:00:40","date_gmt":"2022-10-31T08:00:40","guid":{"rendered":"https:\/\/terres-a-terre.org\/?p=6994"},"modified":"2022-11-06T21:01:27","modified_gmt":"2022-11-06T21:01:27","slug":"les-institutions-du-bien-des-sols-partie-1-la-creation-de-la-safer","status":"publish","type":"post","link":"https:\/\/terres-a-terre.org\/en\/les-institutions-du-bien-des-sols-partie-1-la-creation-de-la-safer\/","title":{"rendered":"Les institutions du bien des sols, partie 1 : la cr\u00e9ation de la SAFER"},"content":{"rendered":"<div data-elementor-type=\"wp-post\" data-elementor-id=\"6994\" class=\"elementor elementor-6994\">\n\t\t\t\t\t\t\t\t\t<section class=\"elementor-section elementor-top-section elementor-element elementor-element-17f80a8 elementor-section-stretched elementor-section-boxed elementor-section-height-default elementor-section-height-default\" data-id=\"17f80a8\" data-element_type=\"section\" data-settings=\"{&quot;background_background&quot;:&quot;classic&quot;,&quot;stretch_section&quot;:&quot;section-stretched&quot;}\">\n\t\t\t\t\t\t\t<div class=\"elementor-background-overlay\"><\/div>\n\t\t\t\t\t\t\t<div class=\"elementor-container elementor-column-gap-default\">\n\t\t\t\t\t<div class=\"elementor-column elementor-col-100 elementor-top-column elementor-element elementor-element-5029298\" data-id=\"5029298\" data-element_type=\"column\" data-settings=\"{&quot;background_background&quot;:&quot;classic&quot;}\">\n\t\t\t<div class=\"elementor-widget-wrap elementor-element-populated\">\n\t\t\t\t\t\t\t\t<div class=\"elementor-element elementor-element-95f0dca elementor-widget elementor-widget-spacer\" data-id=\"95f0dca\" data-element_type=\"widget\" data-widget_type=\"spacer.default\">\n\t\t\t\t<div class=\"elementor-widget-container\">\n\t\t\t<style>\/*! elementor - v3.13.3 - 28-05-2023 *\/\n.elementor-column .elementor-spacer-inner{height:var(--spacer-size)}.e-con{--container-widget-width:100%}.e-con-inner>.elementor-widget-spacer,.e-con>.elementor-widget-spacer{width:var(--container-widget-width,var(--spacer-size));--align-self:var(--container-widget-align-self,initial);--flex-shrink:0}.e-con-inner>.elementor-widget-spacer>.elementor-widget-container,.e-con-inner>.elementor-widget-spacer>.elementor-widget-container>.elementor-spacer,.e-con>.elementor-widget-spacer>.elementor-widget-container,.e-con>.elementor-widget-spacer>.elementor-widget-container>.elementor-spacer{height:100%}.e-con-inner>.elementor-widget-spacer>.elementor-widget-container>.elementor-spacer>.elementor-spacer-inner,.e-con>.elementor-widget-spacer>.elementor-widget-container>.elementor-spacer>.elementor-spacer-inner{height:var(--container-widget-height,var(--spacer-size))}<\/style><div class=\"elementor-spacer\">\n\t\t\t<div class=\"elementor-spacer-inner\"><\/div>\n\t\t<\/div>\t\t<\/div>\n\t\t\t\t<\/div>\n\t\t\t\t<div class=\"elementor-element elementor-element-9c6d366 elementor-widget elementor-widget-spacer\" data-id=\"9c6d366\" data-element_type=\"widget\" data-widget_type=\"spacer.default\">\n\t\t\t\t<div class=\"elementor-widget-container\">\n\t\t\t<div class=\"elementor-spacer\">\n\t\t\t<div class=\"elementor-spacer-inner\"><\/div>\n\t\t<\/div>\t\t<\/div>\n\t\t\t\t<\/div>\n\t\t\t\t<section class=\"elementor-section elementor-inner-section elementor-element elementor-element-db7b39a elementor-section-boxed elementor-section-height-default elementor-section-height-default\" data-id=\"db7b39a\" data-element_type=\"section\" data-settings=\"{&quot;background_background&quot;:&quot;classic&quot;}\">\n\t\t\t\t\t\t<div class=\"elementor-container elementor-column-gap-wider\">\n\t\t\t\t\t<div class=\"elementor-column elementor-col-100 elementor-inner-column elementor-element elementor-element-752f846\" data-id=\"752f846\" data-element_type=\"column\" data-settings=\"{&quot;background_background&quot;:&quot;classic&quot;}\">\n\t\t\t<div class=\"elementor-widget-wrap elementor-element-populated\">\n\t\t\t\t\t\t\t\t<div class=\"elementor-element elementor-element-c220b42 elementor-widget elementor-widget-spacer\" data-id=\"c220b42\" data-element_type=\"widget\" data-widget_type=\"spacer.default\">\n\t\t\t\t<div class=\"elementor-widget-container\">\n\t\t\t<div class=\"elementor-spacer\">\n\t\t\t<div class=\"elementor-spacer-inner\"><\/div>\n\t\t<\/div>\t\t<\/div>\n\t\t\t\t<\/div>\n\t\t\t\t<div class=\"elementor-element elementor-element-15fae65 elementor-widget elementor-widget-text-editor\" data-id=\"15fae65\" data-element_type=\"widget\" data-widget_type=\"text-editor.default\">\n\t\t\t\t<div class=\"elementor-widget-container\">\n\t\t\t<style>\/*! elementor - v3.13.3 - 28-05-2023 *\/\n.elementor-widget-text-editor.elementor-drop-cap-view-stacked .elementor-drop-cap{background-color:#69727d;color:#fff}.elementor-widget-text-editor.elementor-drop-cap-view-framed .elementor-drop-cap{color:#69727d;border:3px solid;background-color:transparent}.elementor-widget-text-editor:not(.elementor-drop-cap-view-default) .elementor-drop-cap{margin-top:8px}.elementor-widget-text-editor:not(.elementor-drop-cap-view-default) .elementor-drop-cap-letter{width:1em;height:1em}.elementor-widget-text-editor .elementor-drop-cap{float:left;text-align:center;line-height:1;font-size:50px}.elementor-widget-text-editor .elementor-drop-cap-letter{display:inline-block}<\/style><p>31\/10\/2022<\/p>\t\t<\/div>\n\t\t\t\t<\/div>\n\t\t\t\t<div class=\"elementor-element elementor-element-85884bc elementor-widget elementor-widget-spacer\" data-id=\"85884bc\" data-element_type=\"widget\" data-widget_type=\"spacer.default\">\n\t\t\t\t<div class=\"elementor-widget-container\">\n\t\t\t<div class=\"elementor-spacer\">\n\t\t\t<div class=\"elementor-spacer-inner\"><\/div>\n\t\t<\/div>\t\t<\/div>\n\t\t\t\t<\/div>\n\t\t\t\t<div class=\"elementor-element elementor-element-9a851ab elementor-widget elementor-widget-heading\" data-id=\"9a851ab\" data-element_type=\"widget\" data-widget_type=\"heading.default\">\n\t\t\t\t<div class=\"elementor-widget-container\">\n\t\t\t<style>\/*! elementor - v3.13.3 - 28-05-2023 *\/\n.elementor-heading-title{padding:0;margin:0;line-height:1}.elementor-widget-heading .elementor-heading-title[class*=elementor-size-]>a{color:inherit;font-size:inherit;line-height:inherit}.elementor-widget-heading .elementor-heading-title.elementor-size-small{font-size:15px}.elementor-widget-heading .elementor-heading-title.elementor-size-medium{font-size:19px}.elementor-widget-heading .elementor-heading-title.elementor-size-large{font-size:29px}.elementor-widget-heading .elementor-heading-title.elementor-size-xl{font-size:39px}.elementor-widget-heading .elementor-heading-title.elementor-size-xxl{font-size:59px}<\/style><h2 class=\"elementor-heading-title elementor-size-default\">Les institutions du bien des sols, partie 1 : la cr\u00e9ation de la SAFER<br><\/h2>\t\t<\/div>\n\t\t\t\t<\/div>\n\t\t\t\t<div class=\"elementor-element elementor-element-a8d55f6 elementor-widget elementor-widget-spacer\" data-id=\"a8d55f6\" data-element_type=\"widget\" data-widget_type=\"spacer.default\">\n\t\t\t\t<div class=\"elementor-widget-container\">\n\t\t\t<div class=\"elementor-spacer\">\n\t\t\t<div class=\"elementor-spacer-inner\"><\/div>\n\t\t<\/div>\t\t<\/div>\n\t\t\t\t<\/div>\n\t\t\t\t<div class=\"elementor-element elementor-element-5c21063 elementor-widget elementor-widget-text-editor\" data-id=\"5c21063\" data-element_type=\"widget\" data-widget_type=\"text-editor.default\">\n\t\t\t\t<div class=\"elementor-widget-container\">\n\t\t\t<p><strong><span style=\"text-decoration: underline;\"><a href=\"https:\/\/www.seuil.com\/ouvrage\/hold-up-sur-la-terre-lucile-leclair\/9782021492538\" target=\"_blank\" rel=\"noopener\">D&rsquo;apr\u00e8s l&rsquo;ouvrage de Lucile Leclair \u2018Hold-up sur la terre\u2019 aux \u00e9ditions du Seuil<\/a><\/span><\/strong><\/p>\t\t<\/div>\n\t\t\t\t<\/div>\n\t\t\t\t<div class=\"elementor-element elementor-element-81ad1a7 elementor-widget elementor-widget-text-editor\" data-id=\"81ad1a7\" data-element_type=\"widget\" data-widget_type=\"text-editor.default\">\n\t\t\t\t<div class=\"elementor-widget-container\">\n\t\t\t<p>Dans des posts pr\u00e9c\u00e9dents, on vous a parl\u00e9 de services \u00e9cosyst\u00e9miques et d\u2019\u00e9conomie de l\u2019environnement.<\/p><p>Les grands enjeux de cette \u00e9conomie sont bien souvent les espaces, que beaucoup de parties prenantes souhaitent s\u2019approprier.<\/p><p>Au travers de cette s\u00e9rie d\u2019articles, on aimerait revenir sur <b>les institutions qui r\u00e9gissent la distribution des terres en France<\/b>, car c\u2019est vraiment l\u00e0 le c\u0153ur de la th\u00e9matique de terres \u00e0 Terre.<\/p><p>Mais avant de faire le bilan actuel, il faut remonter un peu en arri\u00e8re pour mieux comprendre comment nous en sommes arriv\u00e9.e.s l\u00e0.<\/p><p>On vous r\u00e9sume donc la premi\u00e8re partie du <u><a href=\"http:\/\/Dans des posts pr\u00e9c\u00e9dents, on vous a parl\u00e9 de services \u00e9cosyst\u00e9miques et d\u2019\u00e9conomie de l\u2019environnement. Les grands enjeux de cette \u00e9conomie sont bien souvent les espaces, que beaucoup de parties prenantes souhaitent s\u2019approprier. Au travers de cette s\u00e9rie d\u2019articles, on aimerait revenir sur les institutions qui r\u00e9gissent la distribution des terres en France, car c\u2019est vraiment l\u00e0 le c\u0153ur de la th\u00e9matique de terres \u00e0 Terre. Mais avant de faire le bilan actuel, il faut remonter un peu en arri\u00e8re pour mieux comprendre comment nous en sommes arriv\u00e9.e.s l\u00e0. On vous r\u00e9sume donc la premi\u00e8re partie du livre-enqu\u00eate de Lucile Leclair \u2018Hold-up sur la terre\u2019 (\u00e9ditions du Seuil, collection Reporterre), court et tr\u00e8s bien \u00e9crit sur ce sujet.\" target=\"_blank\" rel=\"noopener\">livre-enqu\u00eate de Lucile Leclair \u2018Hold-up sur la terre\u2019<\/a> <\/u>court et tr\u00e8s bien \u00e9crit sur ce sujet.<\/p>\t\t<\/div>\n\t\t\t\t<\/div>\n\t\t\t\t<div class=\"elementor-element elementor-element-33501e1 elementor-widget elementor-widget-image\" data-id=\"33501e1\" data-element_type=\"widget\" data-widget_type=\"image.default\">\n\t\t\t\t<div class=\"elementor-widget-container\">\n\t\t\t<style>\/*! elementor - v3.13.3 - 28-05-2023 *\/\n.elementor-widget-image{text-align:center}.elementor-widget-image a{display:inline-block}.elementor-widget-image a img[src$=\".svg\"]{width:48px}.elementor-widget-image img{vertical-align:middle;display:inline-block}<\/style><img loading=\"lazy\" decoding=\"async\" width=\"768\" height=\"1334\" src=\"https:\/\/terres-a-terre.org\/wp-content\/uploads\/2022\/10\/149253_couverture_Hres_0-768x1334.jpg\" class=\"attachment-medium_large size-medium_large wp-image-6997\" alt=\"\" srcset=\"https:\/\/terres-a-terre.org\/wp-content\/uploads\/2022\/10\/149253_couverture_Hres_0-768x1334.jpg 768w, https:\/\/terres-a-terre.org\/wp-content\/uploads\/2022\/10\/149253_couverture_Hres_0-173x300.jpg 173w, https:\/\/terres-a-terre.org\/wp-content\/uploads\/2022\/10\/149253_couverture_Hres_0-589x1024.jpg 589w, https:\/\/terres-a-terre.org\/wp-content\/uploads\/2022\/10\/149253_couverture_Hres_0-884x1536.jpg 884w, https:\/\/terres-a-terre.org\/wp-content\/uploads\/2022\/10\/149253_couverture_Hres_0-7x12.jpg 7w, https:\/\/terres-a-terre.org\/wp-content\/uploads\/2022\/10\/149253_couverture_Hres_0.jpg 1151w\" sizes=\"auto, (max-width: 768px) 100vw, 768px\" \/>\t\t<\/div>\n\t\t\t\t<\/div>\n\t\t\t\t<div class=\"elementor-element elementor-element-3e46cfc elementor-widget elementor-widget-spacer\" data-id=\"3e46cfc\" data-element_type=\"widget\" data-widget_type=\"spacer.default\">\n\t\t\t\t<div class=\"elementor-widget-container\">\n\t\t\t<div class=\"elementor-spacer\">\n\t\t\t<div class=\"elementor-spacer-inner\"><\/div>\n\t\t<\/div>\t\t<\/div>\n\t\t\t\t<\/div>\n\t\t\t\t<div class=\"elementor-element elementor-element-87385b0 elementor-widget elementor-widget-text-editor\" data-id=\"87385b0\" data-element_type=\"widget\" data-widget_type=\"text-editor.default\">\n\t\t\t\t<div class=\"elementor-widget-container\">\n\t\t\t<p>En France, la loi encadre (ou encadrait) relativement strictement la vente de terres cultivables.<\/p><p>Clairement le syst\u00e8me a beaucoup chang\u00e9 depuis le moyen-\u00e2ge, o\u00f9 il y avait d\u2019un c\u00f4t\u00e9 les <b>serfs qui cultivaient la terre<\/b> et les seigneurs qui la poss\u00e9daient, poss\u00e9daient le fruit du travail des serfs et ne leur r\u00e9tribuaient que le minimum de ce dont ils avaient besoin pour survivre.<\/p><p>En 1789, r\u00e9volution fran\u00e7aise, le statut de seigneur est envoy\u00e9 aux oubliettes et les <b>terres sont vendues aux ench\u00e8res<\/b>.<\/p><p>Sauf que, \u00e9videmment, les serfs n\u2019ont pas les moyens de les acheter, et dans la majeure partie des cas ce sont les bourgeois qui se les procurent.<\/p><p>Le deuxi\u00e8me chamboulement arrive gr\u00e2ce \u00e0 l\u2019<b>instauration du suffrage universel masculin<\/b> en 1848 qui donne donc droit de vote aux paysans hommes \u2013 pour les femmes il va falloir attendre presque un si\u00e8cle, soit 1944\u2026-.<\/p>\t\t<\/div>\n\t\t\t\t<\/div>\n\t\t\t\t<div class=\"elementor-element elementor-element-c79fa09 elementor-widget elementor-widget-image\" data-id=\"c79fa09\" data-element_type=\"widget\" data-widget_type=\"image.default\">\n\t\t\t\t<div class=\"elementor-widget-container\">\n\t\t\t<img loading=\"lazy\" decoding=\"async\" width=\"1024\" height=\"683\" src=\"https:\/\/terres-a-terre.org\/wp-content\/uploads\/2022\/01\/3JL6948-1024x683.jpg\" class=\"attachment-large size-large wp-image-3379\" alt=\"\" srcset=\"https:\/\/terres-a-terre.org\/wp-content\/uploads\/2022\/01\/3JL6948-1024x683.jpg 1024w, https:\/\/terres-a-terre.org\/wp-content\/uploads\/2022\/01\/3JL6948-300x200.jpg 300w, https:\/\/terres-a-terre.org\/wp-content\/uploads\/2022\/01\/3JL6948-768x512.jpg 768w, https:\/\/terres-a-terre.org\/wp-content\/uploads\/2022\/01\/3JL6948-1536x1024.jpg 1536w, https:\/\/terres-a-terre.org\/wp-content\/uploads\/2022\/01\/3JL6948-2048x1366.jpg 2048w, https:\/\/terres-a-terre.org\/wp-content\/uploads\/2022\/01\/3JL6948-18x12.jpg 18w\" sizes=\"auto, (max-width: 1024px) 100vw, 1024px\" \/>\t\t<\/div>\n\t\t\t\t<\/div>\n\t\t\t\t<div class=\"elementor-element elementor-element-17ed828 elementor-widget elementor-widget-text-editor\" data-id=\"17ed828\" data-element_type=\"widget\" data-widget_type=\"text-editor.default\">\n\t\t\t\t<div class=\"elementor-widget-container\">\n\t\t\t<p>Et l\u00e0, <strong>L\u00e9on Gambetta<\/strong> (pr\u00e9sident de la chambre des d\u00e9put\u00e9s), se rend bien compte qu\u2019il y a toute une tranche de la soci\u00e9t\u00e9 qui a \u00e9t\u00e9 oubli\u00e9e jusque l\u00e0 et qu\u2019il va falloir convaincre aux \u00e9lections : \u00e0 savoir, non pas ceux qui poss\u00e8dent la terre, mais ceux qui la travaillent.<\/p><p>Donc il cr\u00e9e le <strong>cr\u00e9dit agricole<\/strong> en 1880 pour que ce soit beaucoup plus facile aux paysans d\u2019emprunter de l\u2019argent, et \u00e0 des taux d\u2019int\u00e9r\u00eat beaucoup plus bas. C\u2019est le vrai premier tournant pour les travailleurs de la terre.<\/p><p>\u00a0<\/p>\t\t<\/div>\n\t\t\t\t<\/div>\n\t\t\t\t<div class=\"elementor-element elementor-element-60863d0 elementor-widget elementor-widget-text-editor\" data-id=\"60863d0\" data-element_type=\"widget\" data-widget_type=\"text-editor.default\">\n\t\t\t\t<div class=\"elementor-widget-container\">\n\t\t\t<p><strong>Alors qu\u2019au d\u00e9but du 19e si\u00e8cle, moins d\u2019un quart des terres en France appartiennent aux paysans, cent ans plus tard c\u2019est plus de la moiti\u00e9.<\/strong><\/p>\t\t<\/div>\n\t\t\t\t<\/div>\n\t\t\t\t<div class=\"elementor-element elementor-element-3c330da elementor-widget elementor-widget-text-editor\" data-id=\"3c330da\" data-element_type=\"widget\" data-widget_type=\"text-editor.default\">\n\t\t\t\t<div class=\"elementor-widget-container\">\n\t\t\t<p>[parenth\u00e8se : c\u2019est aussi d\u00fb \u00e0 l\u2019essor de l\u2019industrie qui a lieu \u00e0 peu pr\u00e8s en m\u00eame temps qui fait que les bourgeois se d\u00e9sint\u00e9ressent de la terre]<\/p><p>La p\u00e9riode qui suit la deuxi\u00e8me guerre mondiale marque le deuxi\u00e8me tournant en faveur des paysans. En 1942, Fran\u00e7ois Tanguy-Prigent, un paysan et r\u00e9sistant de l\u2019\u00e9poque fonde la \u00ab <strong>conf\u00e9d\u00e9ration g\u00e9n\u00e9rale de l\u2019agriculture<\/strong> \u00bb, un syndicat clandestin. Rapidement il se voit nomm\u00e9 ministre de l\u2019agriculture.<\/p><p><strong>C\u2019est d\u2019ailleurs apr\u00e8s la seconde guerre mondiale que ce minist\u00e8re prend \u00e9norm\u00e9ment d\u2019importance.<\/strong><\/p><p>Apr\u00e8s que la population fran\u00e7aise a connu la faim pendant la guerre, on se rend d\u2019autant plus compte de <strong>l\u2019int\u00e9r\u00eat de l\u2019autosuffisance alimentaire du pays,<\/strong> qui repose presque tout entier sur les \u00e9paules des paysans.<\/p><p>C\u2019est ainsi qu\u2019en 1946 la loi sur le fermage est vot\u00e9e. C\u2019est le deuxi\u00e8me tournant qui vient en appui des travailleurs de la terre. Avec cette loi le bail fermier (la \u00ab location \u00bb de la terre) est d\u2019une dur\u00e9e par d\u00e9faut de 9 ans, avec reconduction automatique et le propri\u00e9taire ne peut expulser le paysan que si c\u2019est pour travailler la terre lui-m\u00eame. <strong>Au travers de cette loi, les locataires deviennent des quasi-propri\u00e9taires de la terre.<\/strong><\/p><p>Seulement il y a encore un \u2018hic\u2019, car dans \u2018quasi\u2019, cela veut bien dire que ceux qui travaillent la terre n\u2019en sont toujours pas les propri\u00e9taires, et que <strong>bien trop souvent, lorsqu\u2019une terre est mise \u00e0 la vente, ce sont les plus ais\u00e9s qui s\u2019en emparent.<\/strong><\/p><p>Cela change en 1960, lorsque Edgar Pisani, ancien r\u00e9sistant et alors ministre de l\u2019Agriculture, promeut une loi qui lutterait contre la sp\u00e9culation fonci\u00e8re qui a lieu \u00e0 cette \u00e9poque. On assiste <strong>alors \u00e0 la cr\u00e9ation des Soci\u00e9t\u00e9s d\u2019Am\u00e9nagement Foncier et d\u2019Etablissement Rural, ou \u201cSAFER\u201d<\/strong> pour les intimes charg\u00e9es d\u2019intervenir dans les ventes de terres et d\u2019accorder la vente en priorit\u00e9 aux agriculteurs.<\/p><p>Ces soci\u00e9t\u00e9s existent encore aujourd\u2019hui, et c\u2019est par elles que doivent encore passer les propri\u00e9taires et acqu\u00e9reurs de terres.<\/p><p>Nous verrons dans le prochain post l\u2019\u00e9volution qu\u2019elles ont prises et pourquoi ce sont des enjeux cruciaux quand on regarde \u00e0 quoi pourrait bien ressembler les paysages fran\u00e7ais dans les d\u00e9cennies qui viennent.<\/p><p>\u00a0<\/p>\t\t<\/div>\n\t\t\t\t<\/div>\n\t\t\t\t<div class=\"elementor-element elementor-element-2cb64d7 elementor-widget elementor-widget-text-editor\" data-id=\"2cb64d7\" data-element_type=\"widget\" data-widget_type=\"text-editor.default\">\n\t\t\t\t<div class=\"elementor-widget-container\">\n\t\t\t<p>Livre \u00e0 retrouver <a href=\"https:\/\/www.seuil.com\/ouvrage\/hold-up-sur-la-terre-lucile-leclair\/9782021492538\" target=\"_blank\" rel=\"noopener\"><u><b>aux \u00e9ditions du Seuil, en cliquant ici<\/b><\/u>.<\/a><\/p>\t\t<\/div>\n\t\t\t\t<\/div>\n\t\t\t\t<div class=\"elementor-element elementor-element-2e27368 elementor-widget elementor-widget-spacer\" data-id=\"2e27368\" data-element_type=\"widget\" data-widget_type=\"spacer.default\">\n\t\t\t\t<div class=\"elementor-widget-container\">\n\t\t\t<div class=\"elementor-spacer\">\n\t\t\t<div class=\"elementor-spacer-inner\"><\/div>\n\t\t<\/div>\t\t<\/div>\n\t\t\t\t<\/div>\n\t\t\t\t\t<\/div>\n\t\t<\/div>\n\t\t\t\t\t\t\t<\/div>\n\t\t<\/section>\n\t\t\t\t<div class=\"elementor-element elementor-element-7fca34a elementor-widget elementor-widget-spacer\" data-id=\"7fca34a\" data-element_type=\"widget\" data-widget_type=\"spacer.default\">\n\t\t\t\t<div class=\"elementor-widget-container\">\n\t\t\t<div class=\"elementor-spacer\">\n\t\t\t<div class=\"elementor-spacer-inner\"><\/div>\n\t\t<\/div>\t\t<\/div>\n\t\t\t\t<\/div>\n\t\t\t\t<div class=\"elementor-element elementor-element-e63c316 elementor-grid-eael-col-3 elementor-hidden-tablet elementor-hidden-mobile elementor-grid-tablet-eael-col-2 elementor-grid-mobile-eael-col-1 elementor-widget elementor-widget-eael-post-grid\" data-id=\"e63c316\" data-element_type=\"widget\" data-settings=\"{&quot;eael_post_grid_columns&quot;:&quot;eael-col-3&quot;,&quot;eael_post_grid_columns_tablet&quot;:&quot;eael-col-2&quot;,&quot;eael_post_grid_columns_mobile&quot;:&quot;eael-col-1&quot;}\" data-widget_type=\"eael-post-grid.default\">\n\t\t\t\t<div class=\"elementor-widget-container\">\n\t\t\t<div id=\"eael-post-grid-e63c316\" class=\"eael-post-grid-container\">\n            <div class=\"eael-post-grid eael-post-appender eael-post-appender-e63c316 eael-post-grid-style-two\" data-layout-mode=\"grid\"><article class=\"eael-grid-post eael-post-grid-column\" data-id=\"7229\">\n        <div class=\"eael-grid-post-holder\">\n            <div class=\"eael-grid-post-holder-inner\"><div class=\"eael-entry-media\"><div class=\"eael-entry-overlay zoom-in\"><i class=\"fab fa-envira\" aria-hidden=\"true\"><\/i><a href=\"https:\/\/terres-a-terre.org\/en\/la-terre-se-souvient-de-nous\/\"><\/a><\/div><div class=\"eael-entry-thumbnail\">\n                                <img loading=\"lazy\" decoding=\"async\" width=\"300\" height=\"200\" src=\"https:\/\/terres-a-terre.org\/wp-content\/uploads\/2022\/01\/5JL7334-300x200.jpg\" class=\"attachment-medium size-medium wp-image-3384\" alt=\"\" srcset=\"https:\/\/terres-a-terre.org\/wp-content\/uploads\/2022\/01\/5JL7334-300x200.jpg 300w, https:\/\/terres-a-terre.org\/wp-content\/uploads\/2022\/01\/5JL7334-1024x683.jpg 1024w, https:\/\/terres-a-terre.org\/wp-content\/uploads\/2022\/01\/5JL7334-768x512.jpg 768w, https:\/\/terres-a-terre.org\/wp-content\/uploads\/2022\/01\/5JL7334-1536x1024.jpg 1536w, https:\/\/terres-a-terre.org\/wp-content\/uploads\/2022\/01\/5JL7334-2048x1366.jpg 2048w, https:\/\/terres-a-terre.org\/wp-content\/uploads\/2022\/01\/5JL7334-18x12.jpg 18w\" sizes=\"auto, (max-width: 300px) 100vw, 300px\" \/>\n                              <\/div>\n                      <\/div><div class=\"eael-entry-wrapper\"><div class=\"eael-entry-content\">\n                                    <div class=\"eael-grid-post-excerpt\"><p>Renouer, c'est retrouver le lien unique de notre origine<\/p><a\n                                        href=\"https:\/\/terres-a-terre.org\/en\/la-terre-se-souvient-de-nous\/\"\n                                        class=\"eael-post-elements-readmore-btn\">Lire la suite<\/a><\/div>\n                                <\/div><div class=\"eael-entry-header-after style-two\"><div class=\"eael-entry-meta\"><span class=\"eael-meta-posted-on\"><i class=\"far fa-clock\"><\/i><time datetime=\"June 4, 2025\">June 4, 2025<\/time><\/span><\/div><\/div><\/div><\/div>\n        <\/div>\n    <\/article><article class=\"eael-grid-post eael-post-grid-column\" data-id=\"7221\">\n        <div class=\"eael-grid-post-holder\">\n            <div class=\"eael-grid-post-holder-inner\"><div class=\"eael-entry-media\"><div class=\"eael-entry-overlay zoom-in\"><i class=\"fab fa-envira\" aria-hidden=\"true\"><\/i><a href=\"https:\/\/terres-a-terre.org\/en\/le-bois-mort\/\"><\/a><\/div><div class=\"eael-entry-thumbnail\">\n                                <img loading=\"lazy\" decoding=\"async\" width=\"300\" height=\"200\" src=\"https:\/\/terres-a-terre.org\/wp-content\/uploads\/2022\/01\/5JL0864-300x200.jpg\" class=\"attachment-medium size-medium wp-image-3433\" alt=\"\" srcset=\"https:\/\/terres-a-terre.org\/wp-content\/uploads\/2022\/01\/5JL0864-300x200.jpg 300w, https:\/\/terres-a-terre.org\/wp-content\/uploads\/2022\/01\/5JL0864-1024x683.jpg 1024w, https:\/\/terres-a-terre.org\/wp-content\/uploads\/2022\/01\/5JL0864-768x512.jpg 768w, https:\/\/terres-a-terre.org\/wp-content\/uploads\/2022\/01\/5JL0864-1536x1024.jpg 1536w, https:\/\/terres-a-terre.org\/wp-content\/uploads\/2022\/01\/5JL0864-2048x1366.jpg 2048w, https:\/\/terres-a-terre.org\/wp-content\/uploads\/2022\/01\/5JL0864-18x12.jpg 18w\" sizes=\"auto, (max-width: 300px) 100vw, 300px\" \/>\n                              <\/div>\n                      <\/div><div class=\"eael-entry-wrapper\"><div class=\"eael-entry-content\">\n                                    <div class=\"eael-grid-post-excerpt\"><p>Rien de plus vivant que le bois mort!<\/p><a\n                                        href=\"https:\/\/terres-a-terre.org\/en\/le-bois-mort\/\"\n                                        class=\"eael-post-elements-readmore-btn\">Lire la suite<\/a><\/div>\n                                <\/div><div class=\"eael-entry-header-after style-two\"><div class=\"eael-entry-meta\"><span class=\"eael-meta-posted-on\"><i class=\"far fa-clock\"><\/i><time datetime=\"March 14, 2025\">March 14, 2025<\/time><\/span><\/div><\/div><\/div><\/div>\n        <\/div>\n    <\/article><article class=\"eael-grid-post eael-post-grid-column\" data-id=\"7210\">\n        <div class=\"eael-grid-post-holder\">\n            <div class=\"eael-grid-post-holder-inner\"><div class=\"eael-entry-media\"><div class=\"eael-entry-overlay zoom-in\"><i class=\"fab fa-envira\" aria-hidden=\"true\"><\/i><a href=\"https:\/\/terres-a-terre.org\/en\/le-renoncement-est-la-base-copy\/\"><\/a><\/div><div class=\"eael-entry-thumbnail\">\n                                <img loading=\"lazy\" decoding=\"async\" width=\"300\" height=\"200\" src=\"https:\/\/terres-a-terre.org\/wp-content\/uploads\/2022\/01\/5JL2432-300x200.jpg\" class=\"attachment-medium size-medium wp-image-3432\" alt=\"\" srcset=\"https:\/\/terres-a-terre.org\/wp-content\/uploads\/2022\/01\/5JL2432-300x200.jpg 300w, https:\/\/terres-a-terre.org\/wp-content\/uploads\/2022\/01\/5JL2432-1024x683.jpg 1024w, https:\/\/terres-a-terre.org\/wp-content\/uploads\/2022\/01\/5JL2432-768x512.jpg 768w, https:\/\/terres-a-terre.org\/wp-content\/uploads\/2022\/01\/5JL2432-1536x1024.jpg 1536w, https:\/\/terres-a-terre.org\/wp-content\/uploads\/2022\/01\/5JL2432-2048x1366.jpg 2048w, https:\/\/terres-a-terre.org\/wp-content\/uploads\/2022\/01\/5JL2432-18x12.jpg 18w\" sizes=\"auto, (max-width: 300px) 100vw, 300px\" \/>\n                              <\/div>\n                      <\/div><div class=\"eael-entry-wrapper\"><div class=\"eael-entry-content\">\n                                    <div class=\"eael-grid-post-excerpt\"><p>La Terre est tellement plus que l'environnement<\/p><a\n                                        href=\"https:\/\/terres-a-terre.org\/en\/le-renoncement-est-la-base-copy\/\"\n                                        class=\"eael-post-elements-readmore-btn\">Lire la suite<\/a><\/div>\n                                <\/div><div class=\"eael-entry-header-after style-two\"><div class=\"eael-entry-meta\"><span class=\"eael-meta-posted-on\"><i class=\"far fa-clock\"><\/i><time datetime=\"September 19, 2024\">September 19, 2024<\/time><\/span><\/div><\/div><\/div><\/div>\n        <\/div>\n    <\/article><article class=\"eael-grid-post eael-post-grid-column\" data-id=\"7202\">\n        <div class=\"eael-grid-post-holder\">\n            <div class=\"eael-grid-post-holder-inner\"><div class=\"eael-entry-media\"><div class=\"eael-entry-overlay zoom-in\"><i class=\"fab fa-envira\" aria-hidden=\"true\"><\/i><a href=\"https:\/\/terres-a-terre.org\/en\/peut-on-mettre-un-prix-sur-la-nature-copy-copy\/\"><\/a><\/div><div class=\"eael-entry-thumbnail\">\n                                <img loading=\"lazy\" decoding=\"async\" width=\"300\" height=\"200\" src=\"https:\/\/terres-a-terre.org\/wp-content\/uploads\/2022\/01\/5JL1342-300x200.jpg\" class=\"attachment-medium size-medium wp-image-3412\" alt=\"\" srcset=\"https:\/\/terres-a-terre.org\/wp-content\/uploads\/2022\/01\/5JL1342-300x200.jpg 300w, https:\/\/terres-a-terre.org\/wp-content\/uploads\/2022\/01\/5JL1342-1024x683.jpg 1024w, https:\/\/terres-a-terre.org\/wp-content\/uploads\/2022\/01\/5JL1342-768x512.jpg 768w, https:\/\/terres-a-terre.org\/wp-content\/uploads\/2022\/01\/5JL1342-1536x1024.jpg 1536w, https:\/\/terres-a-terre.org\/wp-content\/uploads\/2022\/01\/5JL1342-2048x1366.jpg 2048w, https:\/\/terres-a-terre.org\/wp-content\/uploads\/2022\/01\/5JL1342-18x12.jpg 18w\" sizes=\"auto, (max-width: 300px) 100vw, 300px\" \/>\n                              <\/div>\n                      <\/div><div class=\"eael-entry-wrapper\"><div class=\"eael-entry-content\">\n                                    <div class=\"eael-grid-post-excerpt\"><p>le terme de renoncement a bien souvent une connotation p\u00e9jorative...<\/p><a\n                                        href=\"https:\/\/terres-a-terre.org\/en\/peut-on-mettre-un-prix-sur-la-nature-copy-copy\/\"\n                                        class=\"eael-post-elements-readmore-btn\">Lire la suite<\/a><\/div>\n                                <\/div><div class=\"eael-entry-header-after style-two\"><div class=\"eael-entry-meta\"><span class=\"eael-meta-posted-on\"><i class=\"far fa-clock\"><\/i><time datetime=\"August 18, 2024\">August 18, 2024<\/time><\/span><\/div><\/div><\/div><\/div>\n        <\/div>\n    <\/article><\/div>\n            <div class=\"clearfix\"><\/div>\n        <\/div>            <div class=\"eael-load-more-button-wrap eael-force-hide\">\n                <button class=\"eael-load-more-button\" id=\"eael-load-more-btn-e63c316\" data-widget-id=\"e63c316\" data-widget=\"e63c316\" data-page-id=\"6994\" data-template=\"{&quot;dir&quot;:&quot;lite&quot;,&quot;file_name&quot;:&quot;default.php&quot;,&quot;name&quot;:&quot;Post-Grid&quot;}\" data-class=\"Essential_Addons_Elementor\\Elements\\Post_Grid\" data-layout=\"grid\" data-page=\"1\" data-args=\"orderby=date&amp;order=desc&amp;ignore_sticky_posts=1&amp;post_status=publish&amp;posts_per_page=4&amp;offset=0&amp;post_type=post\" data-max-page=\"5\">\n                    <span class=\"eael-btn-loader button__loader\"><\/span>\n                    <span class=\"eael_load_more_text\">Load More<\/span>\n                <\/button>\n            <\/div>\t\t<\/div>\n\t\t\t\t<\/div>\n\t\t\t\t\t<\/div>\n\t\t<\/div>\n\t\t\t\t\t\t\t<\/div>\n\t\t<\/section>\n\t\t\t\t\t\t\t<\/div>","protected":false},"excerpt":{"rendered":"<p>Les institutions du bien des sols, partie 1 : la cr\u00e9ation de la SAFER<\/p>","protected":false},"author":1,"featured_media":3379,"comment_status":"closed","ping_status":"closed","sticky":false,"template":"elementor_header_footer","format":"standard","meta":{"om_disable_all_campaigns":false,"_monsterinsights_skip_tracking":false,"_monsterinsights_sitenote_active":false,"_monsterinsights_sitenote_note":"","_monsterinsights_sitenote_category":0,"_uf_show_specific_survey":0,"_uf_disable_surveys":false,"site-sidebar-layout":"default","site-content-layout":"default","ast-main-header-display":"","ast-hfb-above-header-display":"","ast-hfb-below-header-display":"","ast-hfb-mobile-header-display":"","site-post-title":"","ast-breadcrumbs-content":"","ast-featured-img":"","footer-sml-layout":"","theme-transparent-header-meta":"","adv-header-id-meta":"","stick-header-meta":"","header-above-stick-meta":"","header-main-stick-meta":"","header-below-stick-meta":"","footnotes":""},"categories":[1],"tags":[],"class_list":["post-6994","post","type-post","status-publish","format-standard","has-post-thumbnail","hentry","category-uncategorized"],"aioseo_notices":[],"_links":{"self":[{"href":"https:\/\/terres-a-terre.org\/en\/wp-json\/wp\/v2\/posts\/6994","targetHints":{"allow":["GET"]}}],"collection":[{"href":"https:\/\/terres-a-terre.org\/en\/wp-json\/wp\/v2\/posts"}],"about":[{"href":"https:\/\/terres-a-terre.org\/en\/wp-json\/wp\/v2\/types\/post"}],"author":[{"embeddable":true,"href":"https:\/\/terres-a-terre.org\/en\/wp-json\/wp\/v2\/users\/1"}],"replies":[{"embeddable":true,"href":"https:\/\/terres-a-terre.org\/en\/wp-json\/wp\/v2\/comments?post=6994"}],"version-history":[{"count":15,"href":"https:\/\/terres-a-terre.org\/en\/wp-json\/wp\/v2\/posts\/6994\/revisions"}],"predecessor-version":[{"id":7050,"href":"https:\/\/terres-a-terre.org\/en\/wp-json\/wp\/v2\/posts\/6994\/revisions\/7050"}],"wp:featuredmedia":[{"embeddable":true,"href":"https:\/\/terres-a-terre.org\/en\/wp-json\/wp\/v2\/media\/3379"}],"wp:attachment":[{"href":"https:\/\/terres-a-terre.org\/en\/wp-json\/wp\/v2\/media?parent=6994"}],"wp:term":[{"taxonomy":"category","embeddable":true,"href":"https:\/\/terres-a-terre.org\/en\/wp-json\/wp\/v2\/categories?post=6994"},{"taxonomy":"post_tag","embeddable":true,"href":"https:\/\/terres-a-terre.org\/en\/wp-json\/wp\/v2\/tags?post=6994"}],"curies":[{"name":"wp","href":"https:\/\/api.w.org\/{rel}","templated":true}]}}