{"id":6921,"date":"2022-10-17T08:00:38","date_gmt":"2022-10-17T08:00:38","guid":{"rendered":"https:\/\/terres-a-terre.org\/?p=6921"},"modified":"2022-10-16T15:27:49","modified_gmt":"2022-10-16T15:27:49","slug":"comment-les-methodes-de-rewildling-ont-elles-evolue-au-cours-du-temps-2","status":"publish","type":"post","link":"https:\/\/terres-a-terre.org\/en\/comment-les-methodes-de-rewildling-ont-elles-evolue-au-cours-du-temps-2\/","title":{"rendered":"La d\u00e9viance entre l&rsquo;\u00e9conomie des mesures de compensation et l&rsquo;\u00e9conomie de l&rsquo;environnement 1\u00e8re partie"},"content":{"rendered":"<div data-elementor-type=\"wp-post\" data-elementor-id=\"6921\" class=\"elementor elementor-6921\">\n\t\t\t\t\t\t\t\t\t<section class=\"elementor-section elementor-top-section elementor-element elementor-element-17f80a8 elementor-section-stretched elementor-section-boxed elementor-section-height-default elementor-section-height-default\" data-id=\"17f80a8\" data-element_type=\"section\" data-settings=\"{&quot;background_background&quot;:&quot;classic&quot;,&quot;stretch_section&quot;:&quot;section-stretched&quot;}\">\n\t\t\t\t\t\t\t<div class=\"elementor-background-overlay\"><\/div>\n\t\t\t\t\t\t\t<div class=\"elementor-container elementor-column-gap-default\">\n\t\t\t\t\t<div class=\"elementor-column elementor-col-100 elementor-top-column elementor-element elementor-element-5029298\" data-id=\"5029298\" data-element_type=\"column\" data-settings=\"{&quot;background_background&quot;:&quot;classic&quot;}\">\n\t\t\t<div class=\"elementor-widget-wrap elementor-element-populated\">\n\t\t\t\t\t\t\t\t<div class=\"elementor-element elementor-element-95f0dca elementor-widget elementor-widget-spacer\" data-id=\"95f0dca\" data-element_type=\"widget\" data-widget_type=\"spacer.default\">\n\t\t\t\t<div class=\"elementor-widget-container\">\n\t\t\t<style>\/*! elementor - v3.13.3 - 28-05-2023 *\/\n.elementor-column .elementor-spacer-inner{height:var(--spacer-size)}.e-con{--container-widget-width:100%}.e-con-inner>.elementor-widget-spacer,.e-con>.elementor-widget-spacer{width:var(--container-widget-width,var(--spacer-size));--align-self:var(--container-widget-align-self,initial);--flex-shrink:0}.e-con-inner>.elementor-widget-spacer>.elementor-widget-container,.e-con-inner>.elementor-widget-spacer>.elementor-widget-container>.elementor-spacer,.e-con>.elementor-widget-spacer>.elementor-widget-container,.e-con>.elementor-widget-spacer>.elementor-widget-container>.elementor-spacer{height:100%}.e-con-inner>.elementor-widget-spacer>.elementor-widget-container>.elementor-spacer>.elementor-spacer-inner,.e-con>.elementor-widget-spacer>.elementor-widget-container>.elementor-spacer>.elementor-spacer-inner{height:var(--container-widget-height,var(--spacer-size))}<\/style><div class=\"elementor-spacer\">\n\t\t\t<div class=\"elementor-spacer-inner\"><\/div>\n\t\t<\/div>\t\t<\/div>\n\t\t\t\t<\/div>\n\t\t\t\t<div class=\"elementor-element elementor-element-9c6d366 elementor-widget elementor-widget-spacer\" data-id=\"9c6d366\" data-element_type=\"widget\" data-widget_type=\"spacer.default\">\n\t\t\t\t<div class=\"elementor-widget-container\">\n\t\t\t<div class=\"elementor-spacer\">\n\t\t\t<div class=\"elementor-spacer-inner\"><\/div>\n\t\t<\/div>\t\t<\/div>\n\t\t\t\t<\/div>\n\t\t\t\t<div class=\"elementor-element elementor-element-7fca34a elementor-widget elementor-widget-spacer\" data-id=\"7fca34a\" data-element_type=\"widget\" data-widget_type=\"spacer.default\">\n\t\t\t\t<div class=\"elementor-widget-container\">\n\t\t\t<div class=\"elementor-spacer\">\n\t\t\t<div class=\"elementor-spacer-inner\"><\/div>\n\t\t<\/div>\t\t<\/div>\n\t\t\t\t<\/div>\n\t\t\t\t<section class=\"elementor-section elementor-inner-section elementor-element elementor-element-db7b39a elementor-section-boxed elementor-section-height-default elementor-section-height-default\" data-id=\"db7b39a\" data-element_type=\"section\" data-settings=\"{&quot;background_background&quot;:&quot;classic&quot;}\">\n\t\t\t\t\t\t<div class=\"elementor-container elementor-column-gap-wider\">\n\t\t\t\t\t<div class=\"elementor-column elementor-col-100 elementor-inner-column elementor-element elementor-element-752f846\" data-id=\"752f846\" data-element_type=\"column\" data-settings=\"{&quot;background_background&quot;:&quot;classic&quot;}\">\n\t\t\t<div class=\"elementor-widget-wrap elementor-element-populated\">\n\t\t\t\t\t\t\t\t<div class=\"elementor-element elementor-element-c220b42 elementor-widget elementor-widget-spacer\" data-id=\"c220b42\" data-element_type=\"widget\" data-widget_type=\"spacer.default\">\n\t\t\t\t<div class=\"elementor-widget-container\">\n\t\t\t<div class=\"elementor-spacer\">\n\t\t\t<div class=\"elementor-spacer-inner\"><\/div>\n\t\t<\/div>\t\t<\/div>\n\t\t\t\t<\/div>\n\t\t\t\t<div class=\"elementor-element elementor-element-15fae65 elementor-widget elementor-widget-text-editor\" data-id=\"15fae65\" data-element_type=\"widget\" data-widget_type=\"text-editor.default\">\n\t\t\t\t<div class=\"elementor-widget-container\">\n\t\t\t<style>\/*! elementor - v3.13.3 - 28-05-2023 *\/\n.elementor-widget-text-editor.elementor-drop-cap-view-stacked .elementor-drop-cap{background-color:#69727d;color:#fff}.elementor-widget-text-editor.elementor-drop-cap-view-framed .elementor-drop-cap{color:#69727d;border:3px solid;background-color:transparent}.elementor-widget-text-editor:not(.elementor-drop-cap-view-default) .elementor-drop-cap{margin-top:8px}.elementor-widget-text-editor:not(.elementor-drop-cap-view-default) .elementor-drop-cap-letter{width:1em;height:1em}.elementor-widget-text-editor .elementor-drop-cap{float:left;text-align:center;line-height:1;font-size:50px}.elementor-widget-text-editor .elementor-drop-cap-letter{display:inline-block}<\/style><p>17\/10\/2022<\/p>\t\t<\/div>\n\t\t\t\t<\/div>\n\t\t\t\t<div class=\"elementor-element elementor-element-85884bc elementor-widget elementor-widget-spacer\" data-id=\"85884bc\" data-element_type=\"widget\" data-widget_type=\"spacer.default\">\n\t\t\t\t<div class=\"elementor-widget-container\">\n\t\t\t<div class=\"elementor-spacer\">\n\t\t\t<div class=\"elementor-spacer-inner\"><\/div>\n\t\t<\/div>\t\t<\/div>\n\t\t\t\t<\/div>\n\t\t\t\t<div class=\"elementor-element elementor-element-9a851ab elementor-widget elementor-widget-heading\" data-id=\"9a851ab\" data-element_type=\"widget\" data-widget_type=\"heading.default\">\n\t\t\t\t<div class=\"elementor-widget-container\">\n\t\t\t<style>\/*! elementor - v3.13.3 - 28-05-2023 *\/\n.elementor-heading-title{padding:0;margin:0;line-height:1}.elementor-widget-heading .elementor-heading-title[class*=elementor-size-]>a{color:inherit;font-size:inherit;line-height:inherit}.elementor-widget-heading .elementor-heading-title.elementor-size-small{font-size:15px}.elementor-widget-heading .elementor-heading-title.elementor-size-medium{font-size:19px}.elementor-widget-heading .elementor-heading-title.elementor-size-large{font-size:29px}.elementor-widget-heading .elementor-heading-title.elementor-size-xl{font-size:39px}.elementor-widget-heading .elementor-heading-title.elementor-size-xxl{font-size:59px}<\/style><h2 class=\"elementor-heading-title elementor-size-default\">La d\u00e9viance entre l'\u00e9conomie des mesures de compensation\net l'\u00e9conomie de l'environnement (partie 1)\n<\/h2>\t\t<\/div>\n\t\t\t\t<\/div>\n\t\t\t\t<div class=\"elementor-element elementor-element-a8d55f6 elementor-widget elementor-widget-spacer\" data-id=\"a8d55f6\" data-element_type=\"widget\" data-widget_type=\"spacer.default\">\n\t\t\t\t<div class=\"elementor-widget-container\">\n\t\t\t<div class=\"elementor-spacer\">\n\t\t\t<div class=\"elementor-spacer-inner\"><\/div>\n\t\t<\/div>\t\t<\/div>\n\t\t\t\t<\/div>\n\t\t\t\t<div class=\"elementor-element elementor-element-81ad1a7 elementor-widget elementor-widget-text-editor\" data-id=\"81ad1a7\" data-element_type=\"widget\" data-widget_type=\"text-editor.default\">\n\t\t\t\t<div class=\"elementor-widget-container\">\n\t\t\t<p>Dans un <span style=\"text-decoration: underline;\"><strong>pr\u00e9c\u00e9dent post<\/strong> <\/span>nous avons \u00e9voqu\u00e9 le livre de Virginie Maris \u00ab\u00a0 Nature \u00e0 vendre \u00bb. On \u00e9voquait le petit glissement, insidieux, qui explique comment est n\u00e9, au fil du temps, un droit \u00e0 d\u00e9truire nos \u00e9cosyst\u00e8mes et ce, en toute l\u00e9galit\u00e9 quand la valeur \u00e9conomique d&rsquo;un bien naturel est d\u00e9clar\u00e9e n\u00e9gligeable.<\/p><p><strong>Int\u00e9ressons-nous plus sp\u00e9cifiquement \u00e0 son sous-titre \u00ab la limite de services \u00e9cosyst\u00e9miques \u00bb.<\/strong><\/p><p>La politique de conservation sur la biodiversit\u00e9 en France na\u00eet avec le sommet de la Terre, \u00e0 Rio de Janeiro en 1992. Les 176 Etats qui ratifient le trait\u00e9 s&rsquo;engagent \u00e0 prot\u00e9ger la biodiversit\u00e9, \u00e0 assurer une exploitation durable des ressources naturelles et \u00e0 ouvrer \u00e0 la distribution \u00e9quitable des b\u00e9n\u00e9fices qui en sont tir\u00e9s.<\/p><p>Dans le pr\u00e9ambule, les \u00c9tats se d\u00e9clarent notamment conscients \u00ab\u00a0 de la valeur intrins\u00e8que de la diversit\u00e9 biologique, sur les plans environnemental, g\u00e9n\u00e9tique, \u00e9ducatif, social, \u00e9conomique, scientifique, culturel, r\u00e9cr\u00e9atif et esth\u00e9tique \u00bb.<\/p><p>C&rsquo;est l&rsquo;\u00e9rosion de toutes ces valeurs sauf celle \u00e9conomique qui a conduit \u00e0 la notion de services \u00e9cosyst\u00e9miques.<\/p>\t\t<\/div>\n\t\t\t\t<\/div>\n\t\t\t\t<div class=\"elementor-element elementor-element-03b2456 elementor-widget elementor-widget-image\" data-id=\"03b2456\" data-element_type=\"widget\" data-widget_type=\"image.default\">\n\t\t\t\t<div class=\"elementor-widget-container\">\n\t\t\t<style>\/*! elementor - v3.13.3 - 28-05-2023 *\/\n.elementor-widget-image{text-align:center}.elementor-widget-image a{display:inline-block}.elementor-widget-image a img[src$=\".svg\"]{width:48px}.elementor-widget-image img{vertical-align:middle;display:inline-block}<\/style><figure class=\"wp-caption\">\n\t\t\t\t\t\t\t\t\t\t<img loading=\"lazy\" decoding=\"async\" width=\"768\" height=\"512\" src=\"https:\/\/terres-a-terre.org\/wp-content\/uploads\/2022\/01\/5JL0606-768x512.jpg\" class=\"attachment-medium_large size-medium_large wp-image-3435\" alt=\"\" srcset=\"https:\/\/terres-a-terre.org\/wp-content\/uploads\/2022\/01\/5JL0606-768x512.jpg 768w, https:\/\/terres-a-terre.org\/wp-content\/uploads\/2022\/01\/5JL0606-300x200.jpg 300w, https:\/\/terres-a-terre.org\/wp-content\/uploads\/2022\/01\/5JL0606-1024x683.jpg 1024w, https:\/\/terres-a-terre.org\/wp-content\/uploads\/2022\/01\/5JL0606-1536x1024.jpg 1536w, https:\/\/terres-a-terre.org\/wp-content\/uploads\/2022\/01\/5JL0606-2048x1366.jpg 2048w, https:\/\/terres-a-terre.org\/wp-content\/uploads\/2022\/01\/5JL0606-18x12.jpg 18w\" sizes=\"auto, (max-width: 768px) 100vw, 768px\" \/>\t\t\t\t\t\t\t\t\t\t\t<figcaption class=\"widget-image-caption wp-caption-text\"><\/figcaption>\n\t\t\t\t\t\t\t\t\t\t<\/figure>\t\t<\/div>\n\t\t\t\t<\/div>\n\t\t\t\t<div class=\"elementor-element elementor-element-87385b0 elementor-widget elementor-widget-text-editor\" data-id=\"87385b0\" data-element_type=\"widget\" data-widget_type=\"text-editor.default\">\n\t\t\t\t<div class=\"elementor-widget-container\">\n\t\t\t<p>La notion de<strong> services \u00e9cosyst\u00e9miques<\/strong> est n\u00e9e, quant \u00e0 elle, en 2005, apr\u00e8s la conf\u00e9rence internationale sur la biodiversit\u00e9. La m\u00eame ann\u00e9e, l&rsquo;ONU publie un rapport (\u00ab \u00e9valuation des \u00e9cosyst\u00e8mes pour le Mill\u00e9naire \u00bb), qui est cens\u00e9 faire le bilan de l&rsquo;\u00e9tat des \u00e9cosyst\u00e8mes de par le monde mais qui en fait pose le bilan des b\u00e9n\u00e9fices directement ou indirectement tir\u00e9s par les soci\u00e9t\u00e9s humaines du fonctionnement des \u00e9cosyst\u00e8mes.<\/p><p>C&rsquo;est \u00e0 la suite de ce rapport que la notion de \u00ab services \u00e9cosyst\u00e9miques \u00bb commence \u00e0 poindre et est souvent d\u00e9finie comme \u00ab un syst\u00e8me relationnel qui relie un \u00e9cosyst\u00e8me b\u00e9n\u00e9fique et un individu (ou groupe) b\u00e9n\u00e9ficiaire\u00bb.<\/p><p>Mais c&rsquo;est occulter le fait que certaines fonction sont neutres ou ne repr\u00e9sentent aucun bien pour les humains.<\/p><p><strong>Et surtout cela met en exergue que tout est vu du point de vue de l&rsquo;homme<\/strong> (li\u00e9 \u00e0 l&rsquo;id\u00e9ologie individualiste et lib\u00e9rale en vogue \u00e0 l&rsquo;\u00e9poque).<\/p>\t\t<\/div>\n\t\t\t\t<\/div>\n\t\t\t\t<div class=\"elementor-element elementor-element-b9a7610 elementor-widget elementor-widget-image\" data-id=\"b9a7610\" data-element_type=\"widget\" data-widget_type=\"image.default\">\n\t\t\t\t<div class=\"elementor-widget-container\">\n\t\t\t<img loading=\"lazy\" decoding=\"async\" width=\"768\" height=\"512\" src=\"https:\/\/terres-a-terre.org\/wp-content\/uploads\/2022\/01\/3JL1500-768x512.jpg\" class=\"attachment-medium_large size-medium_large wp-image-3429\" alt=\"\" srcset=\"https:\/\/terres-a-terre.org\/wp-content\/uploads\/2022\/01\/3JL1500-768x512.jpg 768w, https:\/\/terres-a-terre.org\/wp-content\/uploads\/2022\/01\/3JL1500-300x200.jpg 300w, https:\/\/terres-a-terre.org\/wp-content\/uploads\/2022\/01\/3JL1500-1024x682.jpg 1024w, https:\/\/terres-a-terre.org\/wp-content\/uploads\/2022\/01\/3JL1500-1536x1024.jpg 1536w, https:\/\/terres-a-terre.org\/wp-content\/uploads\/2022\/01\/3JL1500-2048x1365.jpg 2048w, https:\/\/terres-a-terre.org\/wp-content\/uploads\/2022\/01\/3JL1500-18x12.jpg 18w\" sizes=\"auto, (max-width: 768px) 100vw, 768px\" \/>\t\t<\/div>\n\t\t\t\t<\/div>\n\t\t\t\t<div class=\"elementor-element elementor-element-95ad16d elementor-widget elementor-widget-text-editor\" data-id=\"95ad16d\" data-element_type=\"widget\" data-widget_type=\"text-editor.default\">\n\t\t\t\t<div class=\"elementor-widget-container\">\n\t\t\t<p><strong>Si on regarde le sujet \u00e0 la loupe, \u00e0 quel moment avons-nous perdu pied ?<\/strong><\/p><p>Le glissement s&rsquo;est fait par \u00e9tapes, lentement : nous sommes d&rsquo;abord pass\u00e9 d&rsquo;une notion de diversit\u00e9 \u00e0 celle des fonctions rendues par celles-ci : en effet, la biodiversit\u00e9 pr\u00e9sente une diversit\u00e9 structurelle (beaucoup d&rsquo;esp\u00e8ces diff\u00e9rentes). <\/p><p>Mais par glissement on parle aujourd&rsquo;hui de diversit\u00e9 fonctionnelle (Diaz et Cabido, 2001)(grand nombre de fonctions valoris\u00e9es) qui rend mieux compte de la dynamique des milieux. <\/p><p>Mais dans la plupart de ces \u00e9tudes, la diversit\u00e9 structurelle n&rsquo;est pas appr\u00e9hend\u00e9e dans son ensemble (ce qui para\u00eet tr\u00e8s difficile), et la diversit\u00e9 fonctionnelle est difficile \u00e0 mesurer. On a donc tendance \u00e0 une g\u00e9n\u00e9ralisation.<\/p><p>Puis des fonctions, nous sommes pass\u00e9s \u00e0 la notion de services : le glissement subtil entre fonction et service est, on l&rsquo;a vu, un tour de force o\u00f9 les services sont pr\u00e9sent\u00e9s souvent comme un but des fonctions, ce qui n&rsquo;est jamais le cas dans la r\u00e9alit\u00e9.<\/p><p>Un dernier glissement nous a amen\u00e9 des services \u00e0 la protection de la biodiversit\u00e9 : si l&rsquo;estimation selon laquelle seulement 103 esp\u00e8ces concourent \u00e0 90% de l&rsquo;alimentation humaine v\u00e9g\u00e9tale \u00e0 travers le monde, qu&rsquo;est-ce qui prouve que la protection de l&rsquo;ensemble de la biodiversit\u00e9 soit le meilleur moyen de maximiser l&rsquo;ensemble des services \u00e9cosyst\u00e9miques ?<\/p><p><strong>Deuxi\u00e8me partie de ce post \u00e0 lire dans une semaine, \u00e0 la m\u00eame adresse <img decoding=\"async\" class=\"emoji\" role=\"img\" draggable=\"false\" src=\"https:\/\/s.w.org\/images\/core\/emoji\/14.0.0\/svg\/1f609.svg\" alt=\"\ud83d\ude09\" \/><\/strong><\/p>\t\t<\/div>\n\t\t\t\t<\/div>\n\t\t\t\t<div class=\"elementor-element elementor-element-86a6a2f elementor-widget elementor-widget-text-editor\" data-id=\"86a6a2f\" data-element_type=\"widget\" data-widget_type=\"text-editor.default\">\n\t\t\t\t<div class=\"elementor-widget-container\">\n\t\t\t<em><strong> <\/strong><\/em>\t\t<\/div>\n\t\t\t\t<\/div>\n\t\t\t\t<div class=\"elementor-element elementor-element-2e27368 elementor-widget elementor-widget-spacer\" data-id=\"2e27368\" data-element_type=\"widget\" data-widget_type=\"spacer.default\">\n\t\t\t\t<div class=\"elementor-widget-container\">\n\t\t\t<div class=\"elementor-spacer\">\n\t\t\t<div class=\"elementor-spacer-inner\"><\/div>\n\t\t<\/div>\t\t<\/div>\n\t\t\t\t<\/div>\n\t\t\t\t\t<\/div>\n\t\t<\/div>\n\t\t\t\t\t\t\t<\/div>\n\t\t<\/section>\n\t\t\t\t<div class=\"elementor-element elementor-element-389ed9b elementor-widget elementor-widget-spacer\" data-id=\"389ed9b\" data-element_type=\"widget\" data-widget_type=\"spacer.default\">\n\t\t\t\t<div class=\"elementor-widget-container\">\n\t\t\t<div class=\"elementor-spacer\">\n\t\t\t<div class=\"elementor-spacer-inner\"><\/div>\n\t\t<\/div>\t\t<\/div>\n\t\t\t\t<\/div>\n\t\t\t\t<div class=\"elementor-element elementor-element-7471574 elementor-grid-eael-col-3 elementor-hidden-tablet elementor-hidden-mobile elementor-grid-tablet-eael-col-2 elementor-grid-mobile-eael-col-1 elementor-widget elementor-widget-eael-post-grid\" data-id=\"7471574\" data-element_type=\"widget\" data-settings=\"{&quot;eael_post_grid_columns&quot;:&quot;eael-col-3&quot;,&quot;eael_post_grid_columns_tablet&quot;:&quot;eael-col-2&quot;,&quot;eael_post_grid_columns_mobile&quot;:&quot;eael-col-1&quot;}\" data-widget_type=\"eael-post-grid.default\">\n\t\t\t\t<div class=\"elementor-widget-container\">\n\t\t\t<div id=\"eael-post-grid-7471574\" class=\"eael-post-grid-container\">\n            <div class=\"eael-post-grid eael-post-appender eael-post-appender-7471574 eael-post-grid-style-two\" data-layout-mode=\"grid\"><article class=\"eael-grid-post eael-post-grid-column\" data-id=\"7229\">\n        <div class=\"eael-grid-post-holder\">\n            <div class=\"eael-grid-post-holder-inner\"><div class=\"eael-entry-media\"><div class=\"eael-entry-overlay zoom-in\"><i class=\"fab fa-envira\" aria-hidden=\"true\"><\/i><a href=\"https:\/\/terres-a-terre.org\/en\/la-terre-se-souvient-de-nous\/\"><\/a><\/div><div class=\"eael-entry-thumbnail\">\n                                <img loading=\"lazy\" decoding=\"async\" width=\"300\" height=\"200\" src=\"https:\/\/terres-a-terre.org\/wp-content\/uploads\/2022\/01\/5JL7334-300x200.jpg\" class=\"attachment-medium size-medium wp-image-3384\" alt=\"\" srcset=\"https:\/\/terres-a-terre.org\/wp-content\/uploads\/2022\/01\/5JL7334-300x200.jpg 300w, https:\/\/terres-a-terre.org\/wp-content\/uploads\/2022\/01\/5JL7334-1024x683.jpg 1024w, https:\/\/terres-a-terre.org\/wp-content\/uploads\/2022\/01\/5JL7334-768x512.jpg 768w, https:\/\/terres-a-terre.org\/wp-content\/uploads\/2022\/01\/5JL7334-1536x1024.jpg 1536w, https:\/\/terres-a-terre.org\/wp-content\/uploads\/2022\/01\/5JL7334-2048x1366.jpg 2048w, https:\/\/terres-a-terre.org\/wp-content\/uploads\/2022\/01\/5JL7334-18x12.jpg 18w\" sizes=\"auto, (max-width: 300px) 100vw, 300px\" \/>\n                              <\/div>\n                      <\/div><div class=\"eael-entry-wrapper\"><div class=\"eael-entry-content\">\n                                    <div class=\"eael-grid-post-excerpt\"><p>Renouer, c'est retrouver le lien unique de notre origine<\/p><a\n                                        href=\"https:\/\/terres-a-terre.org\/en\/la-terre-se-souvient-de-nous\/\"\n                                        class=\"eael-post-elements-readmore-btn\">Lire la suite<\/a><\/div>\n                                <\/div><div class=\"eael-entry-header-after style-two\"><div class=\"eael-entry-meta\"><span class=\"eael-meta-posted-on\"><i class=\"far fa-clock\"><\/i><time datetime=\"June 4, 2025\">June 4, 2025<\/time><\/span><\/div><\/div><\/div><\/div>\n        <\/div>\n    <\/article><article class=\"eael-grid-post eael-post-grid-column\" data-id=\"7221\">\n        <div class=\"eael-grid-post-holder\">\n            <div class=\"eael-grid-post-holder-inner\"><div class=\"eael-entry-media\"><div class=\"eael-entry-overlay zoom-in\"><i class=\"fab fa-envira\" aria-hidden=\"true\"><\/i><a href=\"https:\/\/terres-a-terre.org\/en\/le-bois-mort\/\"><\/a><\/div><div class=\"eael-entry-thumbnail\">\n                                <img loading=\"lazy\" decoding=\"async\" width=\"300\" height=\"200\" src=\"https:\/\/terres-a-terre.org\/wp-content\/uploads\/2022\/01\/5JL0864-300x200.jpg\" class=\"attachment-medium size-medium wp-image-3433\" alt=\"\" srcset=\"https:\/\/terres-a-terre.org\/wp-content\/uploads\/2022\/01\/5JL0864-300x200.jpg 300w, https:\/\/terres-a-terre.org\/wp-content\/uploads\/2022\/01\/5JL0864-1024x683.jpg 1024w, https:\/\/terres-a-terre.org\/wp-content\/uploads\/2022\/01\/5JL0864-768x512.jpg 768w, https:\/\/terres-a-terre.org\/wp-content\/uploads\/2022\/01\/5JL0864-1536x1024.jpg 1536w, https:\/\/terres-a-terre.org\/wp-content\/uploads\/2022\/01\/5JL0864-2048x1366.jpg 2048w, https:\/\/terres-a-terre.org\/wp-content\/uploads\/2022\/01\/5JL0864-18x12.jpg 18w\" sizes=\"auto, (max-width: 300px) 100vw, 300px\" \/>\n                              <\/div>\n                      <\/div><div class=\"eael-entry-wrapper\"><div class=\"eael-entry-content\">\n                                    <div class=\"eael-grid-post-excerpt\"><p>Rien de plus vivant que le bois mort!<\/p><a\n                                        href=\"https:\/\/terres-a-terre.org\/en\/le-bois-mort\/\"\n                                        class=\"eael-post-elements-readmore-btn\">Lire la suite<\/a><\/div>\n                                <\/div><div class=\"eael-entry-header-after style-two\"><div class=\"eael-entry-meta\"><span class=\"eael-meta-posted-on\"><i class=\"far fa-clock\"><\/i><time datetime=\"March 14, 2025\">March 14, 2025<\/time><\/span><\/div><\/div><\/div><\/div>\n        <\/div>\n    <\/article><article class=\"eael-grid-post eael-post-grid-column\" data-id=\"7210\">\n        <div class=\"eael-grid-post-holder\">\n            <div class=\"eael-grid-post-holder-inner\"><div class=\"eael-entry-media\"><div class=\"eael-entry-overlay zoom-in\"><i class=\"fab fa-envira\" aria-hidden=\"true\"><\/i><a href=\"https:\/\/terres-a-terre.org\/en\/le-renoncement-est-la-base-copy\/\"><\/a><\/div><div class=\"eael-entry-thumbnail\">\n                                <img loading=\"lazy\" decoding=\"async\" width=\"300\" height=\"200\" src=\"https:\/\/terres-a-terre.org\/wp-content\/uploads\/2022\/01\/5JL2432-300x200.jpg\" class=\"attachment-medium size-medium wp-image-3432\" alt=\"\" srcset=\"https:\/\/terres-a-terre.org\/wp-content\/uploads\/2022\/01\/5JL2432-300x200.jpg 300w, https:\/\/terres-a-terre.org\/wp-content\/uploads\/2022\/01\/5JL2432-1024x683.jpg 1024w, https:\/\/terres-a-terre.org\/wp-content\/uploads\/2022\/01\/5JL2432-768x512.jpg 768w, https:\/\/terres-a-terre.org\/wp-content\/uploads\/2022\/01\/5JL2432-1536x1024.jpg 1536w, https:\/\/terres-a-terre.org\/wp-content\/uploads\/2022\/01\/5JL2432-2048x1366.jpg 2048w, https:\/\/terres-a-terre.org\/wp-content\/uploads\/2022\/01\/5JL2432-18x12.jpg 18w\" sizes=\"auto, (max-width: 300px) 100vw, 300px\" \/>\n                              <\/div>\n                      <\/div><div class=\"eael-entry-wrapper\"><div class=\"eael-entry-content\">\n                                    <div class=\"eael-grid-post-excerpt\"><p>La Terre est tellement plus que l'environnement<\/p><a\n                                        href=\"https:\/\/terres-a-terre.org\/en\/le-renoncement-est-la-base-copy\/\"\n                                        class=\"eael-post-elements-readmore-btn\">Lire la suite<\/a><\/div>\n                                <\/div><div class=\"eael-entry-header-after style-two\"><div class=\"eael-entry-meta\"><span class=\"eael-meta-posted-on\"><i class=\"far fa-clock\"><\/i><time datetime=\"September 19, 2024\">September 19, 2024<\/time><\/span><\/div><\/div><\/div><\/div>\n        <\/div>\n    <\/article><article class=\"eael-grid-post eael-post-grid-column\" data-id=\"7202\">\n        <div class=\"eael-grid-post-holder\">\n            <div class=\"eael-grid-post-holder-inner\"><div class=\"eael-entry-media\"><div class=\"eael-entry-overlay zoom-in\"><i class=\"fab fa-envira\" aria-hidden=\"true\"><\/i><a href=\"https:\/\/terres-a-terre.org\/en\/peut-on-mettre-un-prix-sur-la-nature-copy-copy\/\"><\/a><\/div><div class=\"eael-entry-thumbnail\">\n                                <img loading=\"lazy\" decoding=\"async\" width=\"300\" height=\"200\" src=\"https:\/\/terres-a-terre.org\/wp-content\/uploads\/2022\/01\/5JL1342-300x200.jpg\" class=\"attachment-medium size-medium wp-image-3412\" alt=\"\" srcset=\"https:\/\/terres-a-terre.org\/wp-content\/uploads\/2022\/01\/5JL1342-300x200.jpg 300w, https:\/\/terres-a-terre.org\/wp-content\/uploads\/2022\/01\/5JL1342-1024x683.jpg 1024w, https:\/\/terres-a-terre.org\/wp-content\/uploads\/2022\/01\/5JL1342-768x512.jpg 768w, https:\/\/terres-a-terre.org\/wp-content\/uploads\/2022\/01\/5JL1342-1536x1024.jpg 1536w, https:\/\/terres-a-terre.org\/wp-content\/uploads\/2022\/01\/5JL1342-2048x1366.jpg 2048w, https:\/\/terres-a-terre.org\/wp-content\/uploads\/2022\/01\/5JL1342-18x12.jpg 18w\" sizes=\"auto, (max-width: 300px) 100vw, 300px\" \/>\n                              <\/div>\n                      <\/div><div class=\"eael-entry-wrapper\"><div class=\"eael-entry-content\">\n                                    <div class=\"eael-grid-post-excerpt\"><p>le terme de renoncement a bien souvent une connotation p\u00e9jorative...<\/p><a\n                                        href=\"https:\/\/terres-a-terre.org\/en\/peut-on-mettre-un-prix-sur-la-nature-copy-copy\/\"\n                                        class=\"eael-post-elements-readmore-btn\">Lire la suite<\/a><\/div>\n                                <\/div><div class=\"eael-entry-header-after style-two\"><div class=\"eael-entry-meta\"><span class=\"eael-meta-posted-on\"><i class=\"far fa-clock\"><\/i><time datetime=\"August 18, 2024\">August 18, 2024<\/time><\/span><\/div><\/div><\/div><\/div>\n        <\/div>\n    <\/article><article class=\"eael-grid-post eael-post-grid-column\" data-id=\"7188\">\n        <div class=\"eael-grid-post-holder\">\n            <div class=\"eael-grid-post-holder-inner\"><div class=\"eael-entry-media\"><div class=\"eael-entry-overlay zoom-in\"><i class=\"fab fa-envira\" aria-hidden=\"true\"><\/i><a href=\"https:\/\/terres-a-terre.org\/en\/ne-rien-faire-ou-faire-rien\/\"><\/a><\/div><div class=\"eael-entry-thumbnail\">\n                                <img loading=\"lazy\" decoding=\"async\" width=\"300\" height=\"200\" src=\"https:\/\/terres-a-terre.org\/wp-content\/uploads\/2024\/07\/5JL8297-300x200.jpg\" class=\"attachment-medium size-medium wp-image-7189\" alt=\"\" srcset=\"https:\/\/terres-a-terre.org\/wp-content\/uploads\/2024\/07\/5JL8297-300x200.jpg 300w, https:\/\/terres-a-terre.org\/wp-content\/uploads\/2024\/07\/5JL8297-1024x683.jpg 1024w, https:\/\/terres-a-terre.org\/wp-content\/uploads\/2024\/07\/5JL8297-768x512.jpg 768w, https:\/\/terres-a-terre.org\/wp-content\/uploads\/2024\/07\/5JL8297-1536x1024.jpg 1536w, https:\/\/terres-a-terre.org\/wp-content\/uploads\/2024\/07\/5JL8297-2048x1366.jpg 2048w, https:\/\/terres-a-terre.org\/wp-content\/uploads\/2024\/07\/5JL8297-18x12.jpg 18w\" sizes=\"auto, (max-width: 300px) 100vw, 300px\" \/>\n                              <\/div>\n                      <\/div><div class=\"eael-entry-wrapper\"><div class=\"eael-entry-content\">\n                                    <div class=\"eael-grid-post-excerpt\"><p>Ne rien faire ou faire rien?<\/p><a\n                                        href=\"https:\/\/terres-a-terre.org\/en\/ne-rien-faire-ou-faire-rien\/\"\n                                        class=\"eael-post-elements-readmore-btn\">Lire la suite<\/a><\/div>\n                                <\/div><div class=\"eael-entry-header-after style-two\"><div class=\"eael-entry-meta\"><span class=\"eael-meta-posted-on\"><i class=\"far fa-clock\"><\/i><time datetime=\"July 14, 2024\">July 14, 2024<\/time><\/span><\/div><\/div><\/div><\/div>\n        <\/div>\n    <\/article><article class=\"eael-grid-post eael-post-grid-column\" data-id=\"7156\">\n        <div class=\"eael-grid-post-holder\">\n            <div class=\"eael-grid-post-holder-inner\"><div class=\"eael-entry-media\"><div class=\"eael-entry-overlay zoom-in\"><i class=\"fab fa-envira\" aria-hidden=\"true\"><\/i><a href=\"https:\/\/terres-a-terre.org\/en\/qui-etait-john-muir-pionnier-de-la-preservation-partie-3\/\"><\/a><\/div><div class=\"eael-entry-thumbnail\">\n                                <img loading=\"lazy\" decoding=\"async\" width=\"300\" height=\"225\" src=\"https:\/\/terres-a-terre.org\/wp-content\/uploads\/2021\/09\/IMG_0051-300x225.jpg\" class=\"attachment-medium size-medium wp-image-1228\" alt=\"\" srcset=\"https:\/\/terres-a-terre.org\/wp-content\/uploads\/2021\/09\/IMG_0051-300x225.jpg 300w, https:\/\/terres-a-terre.org\/wp-content\/uploads\/2021\/09\/IMG_0051-1024x768.jpg 1024w, https:\/\/terres-a-terre.org\/wp-content\/uploads\/2021\/09\/IMG_0051-768x576.jpg 768w, https:\/\/terres-a-terre.org\/wp-content\/uploads\/2021\/09\/IMG_0051-1536x1152.jpg 1536w, https:\/\/terres-a-terre.org\/wp-content\/uploads\/2021\/09\/IMG_0051-2048x1536.jpg 2048w\" sizes=\"auto, (max-width: 300px) 100vw, 300px\" \/>\n                              <\/div>\n                      <\/div><div class=\"eael-entry-wrapper\"><div class=\"eael-entry-content\">\n                                    <div class=\"eael-grid-post-excerpt\"><p>Qui \u00e9tait John Muir ? (partie 3)<\/p><a\n                                        href=\"https:\/\/terres-a-terre.org\/en\/qui-etait-john-muir-pionnier-de-la-preservation-partie-3\/\"\n                                        class=\"eael-post-elements-readmore-btn\">Lire la suite<\/a><\/div>\n                                <\/div><div class=\"eael-entry-header-after style-two\"><div class=\"eael-entry-meta\"><span class=\"eael-meta-posted-on\"><i class=\"far fa-clock\"><\/i><time datetime=\"December 12, 2022\">December 12, 2022<\/time><\/span><\/div><\/div><\/div><\/div>\n        <\/div>\n    <\/article><\/div>\n            <div class=\"clearfix\"><\/div>\n        <\/div>            <div class=\"eael-load-more-button-wrap eael-force-hide\">\n                <button class=\"eael-load-more-button\" id=\"eael-load-more-btn-7471574\" data-widget-id=\"7471574\" data-widget=\"7471574\" data-page-id=\"6921\" data-template=\"{&quot;dir&quot;:&quot;lite&quot;,&quot;file_name&quot;:&quot;default.php&quot;,&quot;name&quot;:&quot;Post-Grid&quot;}\" data-class=\"Essential_Addons_Elementor\\Elements\\Post_Grid\" data-layout=\"grid\" data-page=\"1\" data-args=\"orderby=date&amp;order=desc&amp;ignore_sticky_posts=1&amp;post_status=publish&amp;posts_per_page=6&amp;offset=0&amp;post_type=post\" data-max-page=\"4\">\n                    <span class=\"eael-btn-loader button__loader\"><\/span>\n                    <span class=\"eael_load_more_text\">Load More<\/span>\n                <\/button>\n            <\/div>\t\t<\/div>\n\t\t\t\t<\/div>\n\t\t\t\t\t<\/div>\n\t\t<\/div>\n\t\t\t\t\t\t\t<\/div>\n\t\t<\/section>\n\t\t\t\t\t\t\t<\/div>","protected":false},"excerpt":{"rendered":"<p>La d\u00e9viance entre l&rsquo;\u00e9conomie des mesures de compensation<br \/>\net l&rsquo;\u00e9conomie de l&rsquo;environnement (partie 1)<\/p>","protected":false},"author":1,"featured_media":3435,"comment_status":"closed","ping_status":"closed","sticky":false,"template":"elementor_header_footer","format":"standard","meta":{"om_disable_all_campaigns":false,"_monsterinsights_skip_tracking":false,"_monsterinsights_sitenote_active":false,"_monsterinsights_sitenote_note":"","_monsterinsights_sitenote_category":0,"_uf_show_specific_survey":0,"_uf_disable_surveys":false,"site-sidebar-layout":"default","site-content-layout":"default","ast-main-header-display":"","ast-hfb-above-header-display":"","ast-hfb-below-header-display":"","ast-hfb-mobile-header-display":"","site-post-title":"","ast-breadcrumbs-content":"","ast-featured-img":"","footer-sml-layout":"","theme-transparent-header-meta":"","adv-header-id-meta":"","stick-header-meta":"","header-above-stick-meta":"","header-main-stick-meta":"","header-below-stick-meta":"","footnotes":""},"categories":[1],"tags":[],"class_list":["post-6921","post","type-post","status-publish","format-standard","has-post-thumbnail","hentry","category-uncategorized"],"aioseo_notices":[],"_links":{"self":[{"href":"https:\/\/terres-a-terre.org\/en\/wp-json\/wp\/v2\/posts\/6921","targetHints":{"allow":["GET"]}}],"collection":[{"href":"https:\/\/terres-a-terre.org\/en\/wp-json\/wp\/v2\/posts"}],"about":[{"href":"https:\/\/terres-a-terre.org\/en\/wp-json\/wp\/v2\/types\/post"}],"author":[{"embeddable":true,"href":"https:\/\/terres-a-terre.org\/en\/wp-json\/wp\/v2\/users\/1"}],"replies":[{"embeddable":true,"href":"https:\/\/terres-a-terre.org\/en\/wp-json\/wp\/v2\/comments?post=6921"}],"version-history":[{"count":36,"href":"https:\/\/terres-a-terre.org\/en\/wp-json\/wp\/v2\/posts\/6921\/revisions"}],"predecessor-version":[{"id":6957,"href":"https:\/\/terres-a-terre.org\/en\/wp-json\/wp\/v2\/posts\/6921\/revisions\/6957"}],"wp:featuredmedia":[{"embeddable":true,"href":"https:\/\/terres-a-terre.org\/en\/wp-json\/wp\/v2\/media\/3435"}],"wp:attachment":[{"href":"https:\/\/terres-a-terre.org\/en\/wp-json\/wp\/v2\/media?parent=6921"}],"wp:term":[{"taxonomy":"category","embeddable":true,"href":"https:\/\/terres-a-terre.org\/en\/wp-json\/wp\/v2\/categories?post=6921"},{"taxonomy":"post_tag","embeddable":true,"href":"https:\/\/terres-a-terre.org\/en\/wp-json\/wp\/v2\/tags?post=6921"}],"curies":[{"name":"wp","href":"https:\/\/api.w.org\/{rel}","templated":true}]}}